{"id":1632,"date":"2025-05-15T05:47:25","date_gmt":"2025-05-15T03:47:25","guid":{"rendered":"https:\/\/hs.jg-media.eu\/?p=1632"},"modified":"2025-05-15T05:47:25","modified_gmt":"2025-05-15T03:47:25","slug":"apollo-247-novy-videoklip-plny-skrytych-pribehu","status":"publish","type":"post","link":"https:\/\/hanzsedlar.cz\/en\/apollo-247-novy-videoklip-plny-skrytych-pribehu\/","title":{"rendered":"APOLLO 247 &#8211; Nov\u00fd videoklip pln\u00fd skryt\u00fdch p\u0159\u00edb\u011bh\u016f"},"content":{"rendered":"\n<p id=\"viewer-foo\">Tato skladba vznikla u\u017e p\u0159ed dv\u011bma lety t\u00edm zp\u016fsobem, kter\u00fd m\u00e1m nejrad\u0161i. Prost\u011b se v\u00e1m to najednou objev\u00ed v hlav\u011b a vy to jen zap\u00ed\u0161ete do not, jakoby v\u00e1m to n\u011bkdo za ramenem &#8220;diktoval&#8221;. Nev\u00edm, co se to tenkr\u00e1t stalo, ale bylo to velmi zvl\u00e1\u0161tn\u00ed. Ob\u010das se to st\u00e1v\u00e1, ale tady to m\u011blo je\u0161t\u011b jakousi emo\u010dn\u00ed s\u00edlu nav\u00edc. Nezbylo, ne\u017e se pustit do realizace nahr\u00e1vky a n\u00e1sledn\u011b i videoklipu. Vzhledem k tomu, \u017ee takto pracuji hned na n\u011bkolika skladb\u00e1ch z\u00e1rove\u0148, ne\u0161lo to tak rychle, jak bylo v pl\u00e1nu a taky to z\u0159ejm\u011b muselo i &#8220;uzr\u00e1t&#8221;.<\/p>\n\n\n\n<p id=\"viewer-64g1h\">Do nahr\u00e1vky jsem si pozval muzikanty, se kter\u00fdmi spolupracuji u\u017e dlouhou dobu, a kter\u00e9 pova\u017euji za jedny z nejlep\u0161\u00edch interpret\u016f u n\u00e1s. Marco Cano, Iris Moris, Adriana Bajtkov\u00e1, Marek Marian Le\u017ed\u00edk, Ond\u0159ej Mo\u0165ka jsou skv\u011bl\u00fdmi s\u00f3listy a mysl\u00edm, \u017ee je to i sly\u0161et.<\/p>\n\n\n\n<p id=\"viewer-fobd\">Ov\u0161em videoklip se za\u010dal pl\u00e1novat, zat\u00edmco j\u00e1 jsem v\u016fbec o ni\u010dem nev\u011bd\u011bl. Cel\u00e9 nat\u00e1\u010den\u00ed, v\u010detn\u011b za\u0159\u00edzen\u00ed financ\u00ed toti\u017e za\u0159\u00eddila m\u00e1 \u017eena Pavl\u00ednka, kter\u00e1 mi to pak cel\u00e9 dala, jako narozeninov\u00fd d\u00e1rek. Po tom, co jsem se z toho vzpamatoval jsme se pustili do pr\u00e1ce. Bylo to taky poprv\u00e9, co jsem si v\u0161e neorganizoval s\u00e1m a mohl si tak u\u017e\u00edt i samotn\u00e9 nat\u00e1\u010den\u00ed, za to pat\u0159\u00ed ob\u0159\u00ed a to nej\u00fap\u0159\u00edmn\u011bj\u0161\u00ed d\u00edky m\u00e9 man\u017eelce.<\/p>\n\n\n\n<p id=\"viewer-i3le\">Cht\u011bl bych pod\u011bkovat v\u0161em, kte\u0159\u00ed se pod\u00edleli na tvorb\u011b videoklipu APOLLO 247, p\u0159edev\u0161\u00edm m\u00e9 man\u017eelce Pavl\u00ednce, kter\u00e1 to cel\u00e9 dala dohromady a dokonce za\u0159\u00eddila i financov\u00e1n\u00ed tohoto nat\u00e1\u010den\u00ed ve spolupr\u00e1ci s OSA Partners. D\u00e1le filmov\u00e9mu \u0161t\u00e1bu v \u010dele s Tom\u00e1\u0161em Krej\u010d\u00edm, Ond\u0159ejem Soukupem, Ani\u010dkou Krej\u010d\u00ed Besserovou, herc\u016fm Lau\u0159e Besserov\u00e9 a Radkovi Mel\u0161ovi, v\u00fd\u0161e zm\u00edn\u011bn\u00fdm muzikant\u016fm a dal\u0161\u00edm, kte\u0159\u00ed tento projekt podpo\u0159ili t\u0159eba i jen pozitivn\u00ed energi\u00ed.<\/p>\n\n\n\n<p id=\"viewer-1fbc7\">Budu doufat, \u017ee se toto netradi\u010dn\u00ed d\u00edlko, za kter\u00fdm se schov\u00e1v\u00e1 velmi mnoho soub\u011b\u017en\u00fdch p\u0159\u00edb\u011bh\u016f dostane mezi co nejv\u00edce lid\u00ed. Budu vd\u011b\u010dn\u00fd za ka\u017ed\u00e9 va\u0161e sd\u00edlen\u00ed, \u010di reakci.<\/p>\n\n\n\n<p id=\"viewer-6lgl7\">Stejn\u011b jako vesm\u00edr, i l\u00e1ska m\u016f\u017ee b\u00fdt p\u0159es v\u0161echnu bolest nekone\u010dn\u00e1, to je APOLLO 247.<\/p>\n\n\n\n<figure class=\"wp-block-embed is-type-video is-provider-youtube wp-block-embed-youtube wp-embed-aspect-16-9 wp-has-aspect-ratio\"><div class=\"wp-block-embed__wrapper\">\n<iframe loading=\"lazy\" title=\"Hanz Sedlar - APOLLO 247 [Official Music Video 2021]\" width=\"1290\" height=\"726\" src=\"https:\/\/www.youtube.com\/embed\/wOMyVBwZH2Q?feature=oembed\" frameborder=\"0\" allow=\"accelerometer; autoplay; clipboard-write; encrypted-media; gyroscope; picture-in-picture; web-share\" referrerpolicy=\"strict-origin-when-cross-origin\" allowfullscreen><\/iframe>\n<\/div><\/figure>\n","protected":false},"excerpt":{"rendered":"<p>Tato skladba vznikla u\u017e p\u0159ed dv\u011bma lety t\u00edm zp\u016fsobem, kter\u00fd m\u00e1m nejrad\u0161i. Prost\u011b se v\u00e1m to najednou objev\u00ed v hlav\u011b a vy to jen zap\u00ed\u0161ete do not, jakoby v\u00e1m to n\u011bkdo za ramenem &#8220;diktoval&#8221;. Nev\u00edm, co se to tenkr\u00e1t stalo, ale bylo to velmi zvl\u00e1\u0161tn\u00ed. Ob\u010das se to st\u00e1v\u00e1, ale tady to m\u011blo je\u0161t\u011b jakousi [&hellip;]<\/p>\n","protected":false},"author":1,"featured_media":1633,"comment_status":"open","ping_status":"open","sticky":false,"template":"","format":"standard","meta":{"footnotes":""},"categories":[1],"tags":[],"class_list":["post-1632","post","type-post","status-publish","format-standard","has-post-thumbnail","hentry","category-novinky"],"blocksy_meta":[],"yoast_head":"<!-- This site is optimized with the Yoast SEO plugin v26.5 - https:\/\/yoast.com\/wordpress\/plugins\/seo\/ -->\n<title>APOLLO 247 - Nov\u00fd videoklip pln\u00fd skryt\u00fdch p\u0159\u00edb\u011bh\u016f | Hanz Sedl\u00e1\u0159<\/title>\n<meta name=\"robots\" content=\"index, follow, max-snippet:-1, max-image-preview:large, max-video-preview:-1\" \/>\n<link rel=\"canonical\" href=\"https:\/\/hanzsedlar.cz\/en\/apollo-247-novy-videoklip-plny-skrytych-pribehu\/\" \/>\n<meta property=\"og:locale\" content=\"en_US\" \/>\n<meta property=\"og:type\" content=\"article\" \/>\n<meta property=\"og:title\" content=\"APOLLO 247 - Nov\u00fd videoklip pln\u00fd skryt\u00fdch p\u0159\u00edb\u011bh\u016f | Hanz Sedl\u00e1\u0159\" \/>\n<meta property=\"og:description\" content=\"Tato skladba vznikla u\u017e p\u0159ed dv\u011bma lety t\u00edm zp\u016fsobem, kter\u00fd m\u00e1m nejrad\u0161i. Prost\u011b se v\u00e1m to najednou objev\u00ed v hlav\u011b a vy to jen zap\u00ed\u0161ete do not, jakoby v\u00e1m to n\u011bkdo za ramenem &#8220;diktoval&#8221;. Nev\u00edm, co se to tenkr\u00e1t stalo, ale bylo to velmi zvl\u00e1\u0161tn\u00ed. Ob\u010das se to st\u00e1v\u00e1, ale tady to m\u011blo je\u0161t\u011b jakousi [&hellip;]\" \/>\n<meta property=\"og:url\" content=\"https:\/\/hanzsedlar.cz\/en\/apollo-247-novy-videoklip-plny-skrytych-pribehu\/\" \/>\n<meta property=\"og:site_name\" content=\"Hanz Sedl\u00e1\u0159\" \/>\n<meta property=\"article:publisher\" content=\"https:\/\/www.facebook.com\/hanzsedlar\/\" \/>\n<meta property=\"article:published_time\" content=\"2025-05-15T03:47:25+00:00\" \/>\n<meta property=\"og:image\" content=\"https:\/\/hanzsedlar.cz\/wp-content\/uploads\/2025\/05\/wOMyVBwZH2Q-HD.jpg\" \/>\n\t<meta property=\"og:image:width\" content=\"1280\" \/>\n\t<meta property=\"og:image:height\" content=\"720\" \/>\n\t<meta property=\"og:image:type\" content=\"image\/jpeg\" \/>\n<meta name=\"author\" content=\"jg-media.eu\" \/>\n<script type=\"application\/ld+json\" class=\"yoast-schema-graph\">{\"@context\":\"https:\/\/schema.org\",\"@graph\":[{\"@type\":\"Article\",\"@id\":\"https:\/\/hanzsedlar.cz\/apollo-247-novy-videoklip-plny-skrytych-pribehu\/#article\",\"isPartOf\":{\"@id\":\"https:\/\/hanzsedlar.cz\/apollo-247-novy-videoklip-plny-skrytych-pribehu\/\"},\"author\":{\"name\":\"jg-media.eu\",\"@id\":\"https:\/\/hanzsedlar.cz\/#\/schema\/person\/0f9e6d32139af6214c8623a46c258a0b\"},\"headline\":\"APOLLO 247 &#8211; Nov\u00fd videoklip pln\u00fd skryt\u00fdch p\u0159\u00edb\u011bh\u016f\",\"datePublished\":\"2025-05-15T03:47:25+00:00\",\"mainEntityOfPage\":{\"@id\":\"https:\/\/hanzsedlar.cz\/apollo-247-novy-videoklip-plny-skrytych-pribehu\/\"},\"wordCount\":452,\"commentCount\":0,\"publisher\":{\"@id\":\"https:\/\/hanzsedlar.cz\/#organization\"},\"image\":{\"@id\":\"https:\/\/hanzsedlar.cz\/apollo-247-novy-videoklip-plny-skrytych-pribehu\/#primaryimage\"},\"thumbnailUrl\":\"https:\/\/hanzsedlar.cz\/wp-content\/uploads\/2025\/05\/wOMyVBwZH2Q-HD.jpg\",\"articleSection\":[\"News\"],\"inLanguage\":\"en-US\",\"potentialAction\":[{\"@type\":\"CommentAction\",\"name\":\"Comment\",\"target\":[\"https:\/\/hanzsedlar.cz\/apollo-247-novy-videoklip-plny-skrytych-pribehu\/#respond\"]}]},{\"@type\":\"WebPage\",\"@id\":\"https:\/\/hanzsedlar.cz\/en\/apollo-247-novy-videoklip-plny-skrytych-pribehu\/\",\"url\":\"https:\/\/hanzsedlar.cz\/en\/apollo-247-novy-videoklip-plny-skrytych-pribehu\/\",\"name\":\"APOLLO 247 - Nov\u00fd videoklip pln\u00fd skryt\u00fdch p\u0159\u00edb\u011bh\u016f | Hanz Sedl\u00e1\u0159\",\"isPartOf\":{\"@id\":\"https:\/\/hanzsedlar.cz\/en\/#website\"},\"primaryImageOfPage\":{\"@id\":\"https:\/\/hanzsedlar.cz\/en\/apollo-247-novy-videoklip-plny-skrytych-pribehu\/#primaryimage\"},\"image\":{\"@id\":\"https:\/\/hanzsedlar.cz\/apollo-247-novy-videoklip-plny-skrytych-pribehu\/#primaryimage\"},\"thumbnailUrl\":\"https:\/\/hanzsedlar.cz\/wp-content\/uploads\/2025\/05\/wOMyVBwZH2Q-HD.jpg\",\"datePublished\":\"2025-05-15T03:47:25+00:00\",\"breadcrumb\":{\"@id\":\"https:\/\/hanzsedlar.cz\/en\/apollo-247-novy-videoklip-plny-skrytych-pribehu\/#breadcrumb\"},\"inLanguage\":\"en-US\",\"potentialAction\":[{\"@type\":\"ReadAction\",\"target\":[[\"https:\/\/hanzsedlar.cz\/en\/apollo-247-novy-videoklip-plny-skrytych-pribehu\/\"]]}]},{\"@type\":\"ImageObject\",\"inLanguage\":\"en-US\",\"@id\":\"https:\/\/hanzsedlar.cz\/en\/apollo-247-novy-videoklip-plny-skrytych-pribehu\/#primaryimage\",\"url\":\"https:\/\/hanzsedlar.cz\/wp-content\/uploads\/2025\/05\/wOMyVBwZH2Q-HD.jpg\",\"contentUrl\":\"https:\/\/hanzsedlar.cz\/wp-content\/uploads\/2025\/05\/wOMyVBwZH2Q-HD.jpg\",\"width\":1280,\"height\":720},{\"@type\":\"BreadcrumbList\",\"@id\":\"https:\/\/hanzsedlar.cz\/en\/apollo-247-novy-videoklip-plny-skrytych-pribehu\/#breadcrumb\",\"itemListElement\":[{\"@type\":\"ListItem\",\"position\":1,\"name\":\"Dom\u016f\",\"item\":\"https:\/\/hanzsedlar.cz\/en\/\"},{\"@type\":\"ListItem\",\"position\":2,\"name\":\"APOLLO 247 &#8211; Nov\u00fd videoklip pln\u00fd skryt\u00fdch p\u0159\u00edb\u011bh\u016f\"}]},{\"@type\":\"WebSite\",\"@id\":\"https:\/\/hanzsedlar.cz\/en\/#website\",\"url\":\"https:\/\/hanzsedlar.cz\/en\/\",\"name\":\"Hanz Sedl\u00e1\u0159\",\"description\":\"skladatel, dirigent, buben\u00edk\",\"publisher\":{\"@id\":\"https:\/\/hanzsedlar.cz\/en\/#organization\"},\"potentialAction\":[{\"@type\":\"SearchAction\",\"target\":{\"@type\":\"EntryPoint\",\"urlTemplate\":\"https:\/\/hanzsedlar.cz\/en\/?s={search_term_string}\"},\"query-input\":{\"@type\":\"PropertyValueSpecification\",\"valueRequired\":true,\"valueName\":\"search_term_string\"}}],\"inLanguage\":\"en-US\"},{\"@type\":\"Organization\",\"@id\":\"https:\/\/hanzsedlar.cz\/en\/#organization\",\"name\":\"Hanz Sedl\u00e1\u0159 | skladatel, dirigent, buben\u00edk\",\"url\":\"https:\/\/hanzsedlar.cz\/en\/\",\"logo\":{\"@type\":\"ImageObject\",\"inLanguage\":\"en-US\",\"@id\":\"https:\/\/hanzsedlar.cz\/en\/#\/schema\/logo\/image\/\",\"url\":\"https:\/\/hanzsedlar.cz\/wp-content\/uploads\/2025\/05\/logo-znak.svg\",\"contentUrl\":\"https:\/\/hanzsedlar.cz\/wp-content\/uploads\/2025\/05\/logo-znak.svg\",\"width\":854,\"height\":853,\"caption\":\"Hanz Sedl\u00e1\u0159 | skladatel, dirigent, buben\u00edk\"},\"image\":{\"@id\":\"https:\/\/hanzsedlar.cz\/en\/#\/schema\/logo\/image\/\"},\"sameAs\":[\"https:\/\/www.facebook.com\/hanzsedlar\/\",\"https:\/\/www.instagram.com\/hanzsedlar\/\",\"https:\/\/www.youtube.com\/hanzsedlar\"]},{\"@type\":\"Person\",\"@id\":\"https:\/\/hanzsedlar.cz\/#\/schema\/person\/0f9e6d32139af6214c8623a46c258a0b\",\"name\":\"jg-media.eu\",\"image\":{\"@type\":\"ImageObject\",\"inLanguage\":\"en-US\",\"@id\":\"https:\/\/hanzsedlar.cz\/en\/#\/schema\/person\/image\/\",\"url\":\"https:\/\/secure.gravatar.com\/avatar\/1084be55d349722fc00576866f444e7931405d79970f0fe89622fa8c343d6058?s=96&d=mm&r=g\",\"contentUrl\":\"https:\/\/secure.gravatar.com\/avatar\/1084be55d349722fc00576866f444e7931405d79970f0fe89622fa8c343d6058?s=96&d=mm&r=g\",\"caption\":\"jg-media.eu\"},\"sameAs\":[\"https:\/\/hs.jg-media.eu\"]}]}<\/script>\n<!-- \/ Yoast SEO plugin. -->","yoast_head_json":{"title":"APOLLO 247 - Nov\u00fd videoklip pln\u00fd skryt\u00fdch p\u0159\u00edb\u011bh\u016f | Hanz Sedl\u00e1\u0159","robots":{"index":"index","follow":"follow","max-snippet":"max-snippet:-1","max-image-preview":"max-image-preview:large","max-video-preview":"max-video-preview:-1"},"canonical":"https:\/\/hanzsedlar.cz\/en\/apollo-247-novy-videoklip-plny-skrytych-pribehu\/","og_locale":"en_US","og_type":"article","og_title":"APOLLO 247 - Nov\u00fd videoklip pln\u00fd skryt\u00fdch p\u0159\u00edb\u011bh\u016f | Hanz Sedl\u00e1\u0159","og_description":"Tato skladba vznikla u\u017e p\u0159ed dv\u011bma lety t\u00edm zp\u016fsobem, kter\u00fd m\u00e1m nejrad\u0161i. Prost\u011b se v\u00e1m to najednou objev\u00ed v hlav\u011b a vy to jen zap\u00ed\u0161ete do not, jakoby v\u00e1m to n\u011bkdo za ramenem &#8220;diktoval&#8221;. Nev\u00edm, co se to tenkr\u00e1t stalo, ale bylo to velmi zvl\u00e1\u0161tn\u00ed. Ob\u010das se to st\u00e1v\u00e1, ale tady to m\u011blo je\u0161t\u011b jakousi [&hellip;]","og_url":"https:\/\/hanzsedlar.cz\/en\/apollo-247-novy-videoklip-plny-skrytych-pribehu\/","og_site_name":"Hanz Sedl\u00e1\u0159","article_publisher":"https:\/\/www.facebook.com\/hanzsedlar\/","article_published_time":"2025-05-15T03:47:25+00:00","og_image":[{"width":1280,"height":720,"url":"https:\/\/hanzsedlar.cz\/wp-content\/uploads\/2025\/05\/wOMyVBwZH2Q-HD.jpg","type":"image\/jpeg"}],"author":"jg-media.eu","schema":{"@context":"https:\/\/schema.org","@graph":[{"@type":"Article","@id":"https:\/\/hanzsedlar.cz\/apollo-247-novy-videoklip-plny-skrytych-pribehu\/#article","isPartOf":{"@id":"https:\/\/hanzsedlar.cz\/apollo-247-novy-videoklip-plny-skrytych-pribehu\/"},"author":{"name":"jg-media.eu","@id":"https:\/\/hanzsedlar.cz\/#\/schema\/person\/0f9e6d32139af6214c8623a46c258a0b"},"headline":"APOLLO 247 &#8211; Nov\u00fd videoklip pln\u00fd skryt\u00fdch p\u0159\u00edb\u011bh\u016f","datePublished":"2025-05-15T03:47:25+00:00","mainEntityOfPage":{"@id":"https:\/\/hanzsedlar.cz\/apollo-247-novy-videoklip-plny-skrytych-pribehu\/"},"wordCount":452,"commentCount":0,"publisher":{"@id":"https:\/\/hanzsedlar.cz\/#organization"},"image":{"@id":"https:\/\/hanzsedlar.cz\/apollo-247-novy-videoklip-plny-skrytych-pribehu\/#primaryimage"},"thumbnailUrl":"https:\/\/hanzsedlar.cz\/wp-content\/uploads\/2025\/05\/wOMyVBwZH2Q-HD.jpg","articleSection":["News"],"inLanguage":"en-US","potentialAction":[{"@type":"CommentAction","name":"Comment","target":["https:\/\/hanzsedlar.cz\/apollo-247-novy-videoklip-plny-skrytych-pribehu\/#respond"]}]},{"@type":"WebPage","@id":"https:\/\/hanzsedlar.cz\/en\/apollo-247-novy-videoklip-plny-skrytych-pribehu\/","url":"https:\/\/hanzsedlar.cz\/en\/apollo-247-novy-videoklip-plny-skrytych-pribehu\/","name":"APOLLO 247 - Nov\u00fd videoklip pln\u00fd skryt\u00fdch p\u0159\u00edb\u011bh\u016f | Hanz Sedl\u00e1\u0159","isPartOf":{"@id":"https:\/\/hanzsedlar.cz\/en\/#website"},"primaryImageOfPage":{"@id":"https:\/\/hanzsedlar.cz\/en\/apollo-247-novy-videoklip-plny-skrytych-pribehu\/#primaryimage"},"image":{"@id":"https:\/\/hanzsedlar.cz\/apollo-247-novy-videoklip-plny-skrytych-pribehu\/#primaryimage"},"thumbnailUrl":"https:\/\/hanzsedlar.cz\/wp-content\/uploads\/2025\/05\/wOMyVBwZH2Q-HD.jpg","datePublished":"2025-05-15T03:47:25+00:00","breadcrumb":{"@id":"https:\/\/hanzsedlar.cz\/en\/apollo-247-novy-videoklip-plny-skrytych-pribehu\/#breadcrumb"},"inLanguage":"en-US","potentialAction":[{"@type":"ReadAction","target":[["https:\/\/hanzsedlar.cz\/en\/apollo-247-novy-videoklip-plny-skrytych-pribehu\/"]]}]},{"@type":"ImageObject","inLanguage":"en-US","@id":"https:\/\/hanzsedlar.cz\/en\/apollo-247-novy-videoklip-plny-skrytych-pribehu\/#primaryimage","url":"https:\/\/hanzsedlar.cz\/wp-content\/uploads\/2025\/05\/wOMyVBwZH2Q-HD.jpg","contentUrl":"https:\/\/hanzsedlar.cz\/wp-content\/uploads\/2025\/05\/wOMyVBwZH2Q-HD.jpg","width":1280,"height":720},{"@type":"BreadcrumbList","@id":"https:\/\/hanzsedlar.cz\/en\/apollo-247-novy-videoklip-plny-skrytych-pribehu\/#breadcrumb","itemListElement":[{"@type":"ListItem","position":1,"name":"Dom\u016f","item":"https:\/\/hanzsedlar.cz\/en\/"},{"@type":"ListItem","position":2,"name":"APOLLO 247 &#8211; Nov\u00fd videoklip pln\u00fd skryt\u00fdch p\u0159\u00edb\u011bh\u016f"}]},{"@type":"WebSite","@id":"https:\/\/hanzsedlar.cz\/en\/#website","url":"https:\/\/hanzsedlar.cz\/en\/","name":"Hanz Sedl\u00e1\u0159","description":"skladatel, dirigent, buben\u00edk","publisher":{"@id":"https:\/\/hanzsedlar.cz\/en\/#organization"},"potentialAction":[{"@type":"SearchAction","target":{"@type":"EntryPoint","urlTemplate":"https:\/\/hanzsedlar.cz\/en\/?s={search_term_string}"},"query-input":{"@type":"PropertyValueSpecification","valueRequired":true,"valueName":"search_term_string"}}],"inLanguage":"en-US"},{"@type":"Organization","@id":"https:\/\/hanzsedlar.cz\/en\/#organization","name":"Hanz Sedl\u00e1\u0159 | skladatel, dirigent, buben\u00edk","url":"https:\/\/hanzsedlar.cz\/en\/","logo":{"@type":"ImageObject","inLanguage":"en-US","@id":"https:\/\/hanzsedlar.cz\/en\/#\/schema\/logo\/image\/","url":"https:\/\/hanzsedlar.cz\/wp-content\/uploads\/2025\/05\/logo-znak.svg","contentUrl":"https:\/\/hanzsedlar.cz\/wp-content\/uploads\/2025\/05\/logo-znak.svg","width":854,"height":853,"caption":"Hanz Sedl\u00e1\u0159 | skladatel, dirigent, buben\u00edk"},"image":{"@id":"https:\/\/hanzsedlar.cz\/en\/#\/schema\/logo\/image\/"},"sameAs":["https:\/\/www.facebook.com\/hanzsedlar\/","https:\/\/www.instagram.com\/hanzsedlar\/","https:\/\/www.youtube.com\/hanzsedlar"]},{"@type":"Person","@id":"https:\/\/hanzsedlar.cz\/#\/schema\/person\/0f9e6d32139af6214c8623a46c258a0b","name":"jg-media.eu","image":{"@type":"ImageObject","inLanguage":"en-US","@id":"https:\/\/hanzsedlar.cz\/en\/#\/schema\/person\/image\/","url":"https:\/\/secure.gravatar.com\/avatar\/1084be55d349722fc00576866f444e7931405d79970f0fe89622fa8c343d6058?s=96&d=mm&r=g","contentUrl":"https:\/\/secure.gravatar.com\/avatar\/1084be55d349722fc00576866f444e7931405d79970f0fe89622fa8c343d6058?s=96&d=mm&r=g","caption":"jg-media.eu"},"sameAs":["https:\/\/hs.jg-media.eu"]}]}},"_links":{"self":[{"href":"https:\/\/hanzsedlar.cz\/en\/wp-json\/wp\/v2\/posts\/1632","targetHints":{"allow":["GET"]}}],"collection":[{"href":"https:\/\/hanzsedlar.cz\/en\/wp-json\/wp\/v2\/posts"}],"about":[{"href":"https:\/\/hanzsedlar.cz\/en\/wp-json\/wp\/v2\/types\/post"}],"author":[{"embeddable":true,"href":"https:\/\/hanzsedlar.cz\/en\/wp-json\/wp\/v2\/users\/1"}],"replies":[{"embeddable":true,"href":"https:\/\/hanzsedlar.cz\/en\/wp-json\/wp\/v2\/comments?post=1632"}],"version-history":[{"count":1,"href":"https:\/\/hanzsedlar.cz\/en\/wp-json\/wp\/v2\/posts\/1632\/revisions"}],"predecessor-version":[{"id":1634,"href":"https:\/\/hanzsedlar.cz\/en\/wp-json\/wp\/v2\/posts\/1632\/revisions\/1634"}],"wp:featuredmedia":[{"embeddable":true,"href":"https:\/\/hanzsedlar.cz\/en\/wp-json\/wp\/v2\/media\/1633"}],"wp:attachment":[{"href":"https:\/\/hanzsedlar.cz\/en\/wp-json\/wp\/v2\/media?parent=1632"}],"wp:term":[{"taxonomy":"category","embeddable":true,"href":"https:\/\/hanzsedlar.cz\/en\/wp-json\/wp\/v2\/categories?post=1632"},{"taxonomy":"post_tag","embeddable":true,"href":"https:\/\/hanzsedlar.cz\/en\/wp-json\/wp\/v2\/tags?post=1632"}],"curies":[{"name":"wp","href":"https:\/\/api.w.org\/{rel}","templated":true}]}}