{"id":1529,"date":"2025-05-14T18:16:29","date_gmt":"2025-05-14T16:16:29","guid":{"rendered":"https:\/\/hs.jg-media.eu\/?p=1529"},"modified":"2025-05-14T18:16:29","modified_gmt":"2025-05-14T16:16:29","slug":"cizi-zed-diky-ze-jsem-mohl-byt-u-toho","status":"publish","type":"post","link":"https:\/\/hanzsedlar.cz\/en\/cizi-zed-diky-ze-jsem-mohl-byt-u-toho\/","title":{"rendered":"Ciz\u00ed ze\u010f &#8230; D\u00edky, \u017ee jsem mohl b\u00fdt u toho!"},"content":{"rendered":"\n<figure class=\"wp-block-embed is-type-video is-provider-youtube wp-block-embed-youtube wp-embed-aspect-16-9 wp-has-aspect-ratio\"><div class=\"wp-block-embed__wrapper\">\n<iframe loading=\"lazy\" title=\"ONEMANSHOW Foundation  - Cizi\u0301 zed\u030c (prod. Fiedlerski)\" width=\"1290\" height=\"726\" src=\"https:\/\/www.youtube.com\/embed\/e1XGv4PCqWY?start=2&#038;feature=oembed\" frameborder=\"0\" allow=\"accelerometer; autoplay; clipboard-write; encrypted-media; gyroscope; picture-in-picture; web-share\" referrerpolicy=\"strict-origin-when-cross-origin\" allowfullscreen><\/iframe>\n<\/div><\/figure>\n\n\n\n<p id=\"viewer-yid2v\">U\u017e jste mo\u017en\u00e1 vid\u011bli nov\u00fd d\u00edl One Man Show &#8230;<\/p>\n\n\n\n<p id=\"viewer-zp90a\">Pokud ne, mo\u017en\u00e1 v\u00e1m tohle psan\u00ed nebude d\u00e1vat smysl, ale m\u016f\u017eete na n\u011bj mrknout.<\/p>\n\n\n\n<p id=\"viewer-4m7e8\"><a target=\"_blank\" href=\"http:\/\/www.stream.cz\/onemanshow\/10027702-odhaleni-skandalu-prohrane-sazky-o-ferrari-za-8-000-000-kc\" rel=\"noreferrer noopener\"><strong>Cel\u00fd d\u00edl ZDE<\/strong><\/a><a target=\"_blank\" href=\"http:\/\/www.stream.cz\/onemanshow\/10027702-odhaleni-skandalu-prohrane-sazky-o-ferrari-za-8-000-000-kc\" rel=\"noreferrer noopener\">. Pozor, z\u00e1sadn\u011b neodch\u00e1zet p\u0159ed koncem. \ud83d\ude42<\/a><\/p>\n\n\n\n<p id=\"viewer-7732v\">S\u00e1m jezd\u00edm des\u00edtky tis\u00edc km ro\u010dn\u011b jako ridi\u010d a je\u0161t\u011b mnohem v\u00edc jako pasa\u017e\u00e9r p\u0159i cest\u00e1ch na koncerty, nat\u00e1\u010den\u00ed atd. To, s \u010d\u00edm p\u0159i\u0161la nov\u00e1 <strong>One Man Show<\/strong>, je podle m\u011b geni\u00e1ln\u00ed. I kdy\u017e jsem byl tak\u00e9 jeden z t\u011bch, kdo odsuzoval Kazmu za to, co ud\u011blal Leo\u0161ovi, v\u011bd\u011bl jsem, \u017ee to nebude jen tak. Mysl\u00edm, \u017ee to od\u010dinil na jedni\u010dku a dokonce i s omluvou.<\/p>\n\n\n\n<p id=\"viewer-l2d8d\"><a target=\"_blank\" href=\"http:\/\/www.1z10.cz\/\" rel=\"noreferrer noopener\"><strong>www.1z10.cz<\/strong><\/a><\/p>\n\n\n\n<p id=\"viewer-6yatg\">Krom\u011b skv\u011bl\u00e9ho d\u00edlu OMS se nato\u010dila i \u00fa\u017easn\u00e1 skladba, ze kter\u00e9 jde v\u00fdt\u011b\u017eek ob\u011btem dopravn\u00edch nehod. Jsem moc r\u00e1d, \u017ee jsem se toho mohl z\u00fa\u010dastnit a tro\u0161ku tak podpo\u0159it tento \u00fa\u017easn\u00fd projekt!<\/p>\n\n\n\n<div class=\"wp-block-stackable-image stk-block-image stk-block stk-bb8e5bd\" data-block-id=\"bb8e5bd\"><figure><span class=\"stk-img-wrapper stk-image--shape-stretch\"><img loading=\"lazy\" decoding=\"async\" class=\"stk-img wp-image-1531\" src=\"https:\/\/hs.jg-media.eu\/wp-content\/uploads\/2025\/05\/fedd35_2fef33f8f929430d856fd68e9736a07cmv2_d_1283_1730_s_2.webp\" width=\"1178\" height=\"1588\" srcset=\"https:\/\/hanzsedlar.cz\/wp-content\/uploads\/2025\/05\/fedd35_2fef33f8f929430d856fd68e9736a07cmv2_d_1283_1730_s_2.webp 1178w, https:\/\/hanzsedlar.cz\/wp-content\/uploads\/2025\/05\/fedd35_2fef33f8f929430d856fd68e9736a07cmv2_d_1283_1730_s_2-223x300.webp 223w, https:\/\/hanzsedlar.cz\/wp-content\/uploads\/2025\/05\/fedd35_2fef33f8f929430d856fd68e9736a07cmv2_d_1283_1730_s_2-760x1024.webp 760w, https:\/\/hanzsedlar.cz\/wp-content\/uploads\/2025\/05\/fedd35_2fef33f8f929430d856fd68e9736a07cmv2_d_1283_1730_s_2-768x1035.webp 768w, https:\/\/hanzsedlar.cz\/wp-content\/uploads\/2025\/05\/fedd35_2fef33f8f929430d856fd68e9736a07cmv2_d_1283_1730_s_2-1139x1536.webp 1139w\" sizes=\"auto, (max-width: 1178px) 100vw, 1178px\" \/><\/span><\/figure><\/div>\n\n\n\n<p id=\"viewer-7dko5\">Nat\u00e1\u010den\u00ed tohoto klipu byl pro m\u011b neuv\u011b\u0159iteln\u00fd z\u00e1\u017eitek! Ten pocit, kdy\u017e tam stoj\u00edte a kolem v\u00e1s ty nejv\u011bt\u0161\u00ed hv\u011bzdy u n\u00e1s, na place des\u00edtky lid\u00ed d\u011blaj\u00ed dokonale svoji pr\u00e1ci a v\u0161em jde o spole\u010dnou v\u011bc. Dlouho jsem n\u011bco takov\u00e9ho neza\u017eil a pevn\u011b douf\u00e1m, \u017ee to nebylo naposled. D\u00edky za to!<\/p>\n\n\n\n<p id=\"viewer-l416f\">Kdy\u017e mi ned\u00e1vno volala Kazmova produk\u010dn\u00ed, \u017ee na m\u011b m\u00e1 kontakt, jako na dirigenta (d\u00edky Pavel Mucha), nev\u011b\u0159il jsem tomu, \u017ee bych mohl b\u00fdt sou\u010d\u00e1st\u00ed nat\u00e1\u010den\u00ed nov\u00e9ho d\u00edlu OMS. Nejd\u0159\u00edve jsem do toho necht\u011bl j\u00edt, proto\u017ee se nepova\u017euji za dirigenta, jen m\u011b to prost\u011b bav\u00ed a tak si ob\u010das r\u00e1d vezmu do ruky taktovku. Nakonec m\u011b sympatick\u00e1 Veronika p\u0159emluvila a o p\u00e1r hodin pozd\u011bji u\u017e jsem si v ateli\u00e9ru zkou\u0161el frak, kter\u00fd zrovna Kazma p\u0159ivezl z p\u016fj\u010dovny. Sezn\u00e1mil jsem se s cel\u00fdm jeho t\u00fdmem a uv\u011bdomil si, \u017ee jsou to neskute\u010dn\u011b super lidi! Markus Krug (re\u017eis\u00e9r OMS) mi uk\u00e1zal a vysv\u011btlil, o co p\u0159esn\u011b p\u016fjde a pustil mi dokonalou animaci, jak to cel\u00e9 bude vypadat. V\u0161e bylo prost\u011b napl\u00e1novan\u00e9 do posledn\u00edho detailu.<\/p>\n\n\n\n<p id=\"viewer-yjt1p\">Na druh\u00fd den to za\u010dalo. J\u00e1 m\u011bl na sob\u011b tuhle \u0161\u00edlenou masku a pod n\u00ed je\u0161t\u011b ly\u017ea\u0159skou kuklu, aby nebyl vid\u011bt krk atd. Mus\u00edm v\u00e1m \u0159\u00edct, \u017ee nat\u00e1\u010det v tom cel\u00fd den&#8230; Nic moc pohodl\u00ed teda. Nakonec jsem se dobrali i grand fin\u00e1le s ob\u0159\u00edm v\u00fdbuchem konfet. Zbylo u\u017e jen nato\u010dit, jak s Kazmou odch\u00e1z\u00edme do otev\u00edraj\u00edc\u00edch se vrat. To by \u0161lo taky na jedni\u010dku, kdyby Hanz nezaparkoval na frajera hned u vjezdu a nebylo by jeho auto v z\u00e1b\u011bru. \ud83d\ude00 Nakonec to dopadlo dob\u0159e a v\u00fdsledek jste mohli vid\u011bt sami. \ud83d\ude42<\/p>\n\n\n\n<p id=\"viewer-fy9z0\">Tak\u017ee Kazmo, bylo mi ct\u00ed d\u011blat ti klauna. \ud83d\ude00<\/p>\n","protected":false},"excerpt":{"rendered":"<p>U\u017e jste mo\u017en\u00e1 vid\u011bli nov\u00fd d\u00edl One Man Show &#8230; Pokud ne, mo\u017en\u00e1 v\u00e1m tohle psan\u00ed nebude d\u00e1vat smysl, ale m\u016f\u017eete na n\u011bj mrknout. Cel\u00fd d\u00edl ZDE. Pozor, z\u00e1sadn\u011b neodch\u00e1zet p\u0159ed koncem. \ud83d\ude42 S\u00e1m jezd\u00edm des\u00edtky tis\u00edc km ro\u010dn\u011b jako ridi\u010d a je\u0161t\u011b mnohem v\u00edc jako pasa\u017e\u00e9r p\u0159i cest\u00e1ch na koncerty, nat\u00e1\u010den\u00ed atd. To, s [&hellip;]<\/p>\n","protected":false},"author":1,"featured_media":1530,"comment_status":"open","ping_status":"open","sticky":false,"template":"","format":"standard","meta":{"footnotes":""},"categories":[1],"tags":[],"class_list":["post-1529","post","type-post","status-publish","format-standard","has-post-thumbnail","hentry","category-novinky"],"blocksy_meta":[],"yoast_head":"<!-- This site is optimized with the Yoast SEO plugin v26.5 - https:\/\/yoast.com\/wordpress\/plugins\/seo\/ -->\n<title>Ciz\u00ed ze\u010f ... D\u00edky, \u017ee jsem mohl b\u00fdt u toho! | Hanz Sedl\u00e1\u0159<\/title>\n<meta name=\"robots\" content=\"index, follow, max-snippet:-1, max-image-preview:large, max-video-preview:-1\" \/>\n<link rel=\"canonical\" href=\"https:\/\/hanzsedlar.cz\/en\/cizi-zed-diky-ze-jsem-mohl-byt-u-toho\/\" \/>\n<meta property=\"og:locale\" content=\"en_US\" \/>\n<meta property=\"og:type\" content=\"article\" \/>\n<meta property=\"og:title\" content=\"Ciz\u00ed ze\u010f ... D\u00edky, \u017ee jsem mohl b\u00fdt u toho! | Hanz Sedl\u00e1\u0159\" \/>\n<meta property=\"og:description\" content=\"U\u017e jste mo\u017en\u00e1 vid\u011bli nov\u00fd d\u00edl One Man Show &#8230; Pokud ne, mo\u017en\u00e1 v\u00e1m tohle psan\u00ed nebude d\u00e1vat smysl, ale m\u016f\u017eete na n\u011bj mrknout. Cel\u00fd d\u00edl ZDE. Pozor, z\u00e1sadn\u011b neodch\u00e1zet p\u0159ed koncem. \ud83d\ude42 S\u00e1m jezd\u00edm des\u00edtky tis\u00edc km ro\u010dn\u011b jako ridi\u010d a je\u0161t\u011b mnohem v\u00edc jako pasa\u017e\u00e9r p\u0159i cest\u00e1ch na koncerty, nat\u00e1\u010den\u00ed atd. To, s [&hellip;]\" \/>\n<meta property=\"og:url\" content=\"https:\/\/hanzsedlar.cz\/en\/cizi-zed-diky-ze-jsem-mohl-byt-u-toho\/\" \/>\n<meta property=\"og:site_name\" content=\"Hanz Sedl\u00e1\u0159\" \/>\n<meta property=\"article:publisher\" content=\"https:\/\/www.facebook.com\/hanzsedlar\/\" \/>\n<meta property=\"article:published_time\" content=\"2025-05-14T16:16:29+00:00\" \/>\n<meta property=\"og:image\" content=\"https:\/\/hanzsedlar.cz\/wp-content\/uploads\/2025\/05\/e1XGv4PCqWY-SD.jpg\" \/>\n\t<meta property=\"og:image:width\" content=\"640\" \/>\n\t<meta property=\"og:image:height\" content=\"480\" \/>\n\t<meta property=\"og:image:type\" content=\"image\/jpeg\" \/>\n<meta name=\"author\" content=\"jg-media.eu\" \/>\n<script type=\"application\/ld+json\" class=\"yoast-schema-graph\">{\"@context\":\"https:\/\/schema.org\",\"@graph\":[{\"@type\":\"Article\",\"@id\":\"https:\/\/hanzsedlar.cz\/en\/cizi-zed-diky-ze-jsem-mohl-byt-u-toho\/#article\",\"isPartOf\":{\"@id\":\"https:\/\/hanzsedlar.cz\/en\/cizi-zed-diky-ze-jsem-mohl-byt-u-toho\/\"},\"author\":{\"name\":\"jg-media.eu\",\"@id\":\"https:\/\/hanzsedlar.cz\/#\/schema\/person\/0f9e6d32139af6214c8623a46c258a0b\"},\"headline\":\"Ciz\u00ed ze\u010f &#8230; D\u00edky, \u017ee jsem mohl b\u00fdt u toho!\",\"datePublished\":\"2025-05-14T16:16:29+00:00\",\"mainEntityOfPage\":{\"@id\":\"https:\/\/hanzsedlar.cz\/en\/cizi-zed-diky-ze-jsem-mohl-byt-u-toho\/\"},\"wordCount\":558,\"commentCount\":0,\"publisher\":{\"@id\":\"https:\/\/hanzsedlar.cz\/#organization\"},\"image\":{\"@id\":\"https:\/\/hanzsedlar.cz\/en\/cizi-zed-diky-ze-jsem-mohl-byt-u-toho\/#primaryimage\"},\"thumbnailUrl\":\"https:\/\/hanzsedlar.cz\/wp-content\/uploads\/2025\/05\/e1XGv4PCqWY-SD.jpg\",\"articleSection\":[\"News\"],\"inLanguage\":\"en-US\",\"potentialAction\":[{\"@type\":\"CommentAction\",\"name\":\"Comment\",\"target\":[\"https:\/\/hanzsedlar.cz\/en\/cizi-zed-diky-ze-jsem-mohl-byt-u-toho\/#respond\"]}]},{\"@type\":\"WebPage\",\"@id\":\"https:\/\/hanzsedlar.cz\/en\/cizi-zed-diky-ze-jsem-mohl-byt-u-toho\/\",\"url\":\"https:\/\/hanzsedlar.cz\/en\/cizi-zed-diky-ze-jsem-mohl-byt-u-toho\/\",\"name\":\"Ciz\u00ed ze\u010f ... D\u00edky, \u017ee jsem mohl b\u00fdt u toho! | Hanz Sedl\u00e1\u0159\",\"isPartOf\":{\"@id\":\"https:\/\/hanzsedlar.cz\/en\/#website\"},\"primaryImageOfPage\":{\"@id\":\"https:\/\/hanzsedlar.cz\/en\/cizi-zed-diky-ze-jsem-mohl-byt-u-toho\/#primaryimage\"},\"image\":{\"@id\":\"https:\/\/hanzsedlar.cz\/en\/cizi-zed-diky-ze-jsem-mohl-byt-u-toho\/#primaryimage\"},\"thumbnailUrl\":\"https:\/\/hanzsedlar.cz\/wp-content\/uploads\/2025\/05\/e1XGv4PCqWY-SD.jpg\",\"datePublished\":\"2025-05-14T16:16:29+00:00\",\"breadcrumb\":{\"@id\":\"https:\/\/hanzsedlar.cz\/en\/cizi-zed-diky-ze-jsem-mohl-byt-u-toho\/#breadcrumb\"},\"inLanguage\":\"en-US\",\"potentialAction\":[{\"@type\":\"ReadAction\",\"target\":[[\"https:\/\/hanzsedlar.cz\/en\/cizi-zed-diky-ze-jsem-mohl-byt-u-toho\/\"]]}]},{\"@type\":\"ImageObject\",\"inLanguage\":\"en-US\",\"@id\":\"https:\/\/hanzsedlar.cz\/en\/cizi-zed-diky-ze-jsem-mohl-byt-u-toho\/#primaryimage\",\"url\":\"https:\/\/hanzsedlar.cz\/wp-content\/uploads\/2025\/05\/e1XGv4PCqWY-SD.jpg\",\"contentUrl\":\"https:\/\/hanzsedlar.cz\/wp-content\/uploads\/2025\/05\/e1XGv4PCqWY-SD.jpg\",\"width\":640,\"height\":480},{\"@type\":\"BreadcrumbList\",\"@id\":\"https:\/\/hanzsedlar.cz\/en\/cizi-zed-diky-ze-jsem-mohl-byt-u-toho\/#breadcrumb\",\"itemListElement\":[{\"@type\":\"ListItem\",\"position\":1,\"name\":\"Dom\u016f\",\"item\":\"https:\/\/hanzsedlar.cz\/en\/\"},{\"@type\":\"ListItem\",\"position\":2,\"name\":\"Ciz\u00ed ze\u010f &#8230; D\u00edky, \u017ee jsem mohl b\u00fdt u toho!\"}]},{\"@type\":\"WebSite\",\"@id\":\"https:\/\/hanzsedlar.cz\/en\/#website\",\"url\":\"https:\/\/hanzsedlar.cz\/en\/\",\"name\":\"Hanz Sedl\u00e1\u0159\",\"description\":\"skladatel, dirigent, buben\u00edk\",\"publisher\":{\"@id\":\"https:\/\/hanzsedlar.cz\/en\/#organization\"},\"potentialAction\":[{\"@type\":\"SearchAction\",\"target\":{\"@type\":\"EntryPoint\",\"urlTemplate\":\"https:\/\/hanzsedlar.cz\/en\/?s={search_term_string}\"},\"query-input\":{\"@type\":\"PropertyValueSpecification\",\"valueRequired\":true,\"valueName\":\"search_term_string\"}}],\"inLanguage\":\"en-US\"},{\"@type\":\"Organization\",\"@id\":\"https:\/\/hanzsedlar.cz\/en\/#organization\",\"name\":\"Hanz Sedl\u00e1\u0159 | skladatel, dirigent, buben\u00edk\",\"url\":\"https:\/\/hanzsedlar.cz\/en\/\",\"logo\":{\"@type\":\"ImageObject\",\"inLanguage\":\"en-US\",\"@id\":\"https:\/\/hanzsedlar.cz\/en\/#\/schema\/logo\/image\/\",\"url\":\"https:\/\/hanzsedlar.cz\/wp-content\/uploads\/2025\/05\/logo-znak.svg\",\"contentUrl\":\"https:\/\/hanzsedlar.cz\/wp-content\/uploads\/2025\/05\/logo-znak.svg\",\"width\":854,\"height\":853,\"caption\":\"Hanz Sedl\u00e1\u0159 | skladatel, dirigent, buben\u00edk\"},\"image\":{\"@id\":\"https:\/\/hanzsedlar.cz\/en\/#\/schema\/logo\/image\/\"},\"sameAs\":[\"https:\/\/www.facebook.com\/hanzsedlar\/\",\"https:\/\/www.instagram.com\/hanzsedlar\/\",\"https:\/\/www.youtube.com\/hanzsedlar\"]},{\"@type\":\"Person\",\"@id\":\"https:\/\/hanzsedlar.cz\/#\/schema\/person\/0f9e6d32139af6214c8623a46c258a0b\",\"name\":\"jg-media.eu\",\"image\":{\"@type\":\"ImageObject\",\"inLanguage\":\"en-US\",\"@id\":\"https:\/\/hanzsedlar.cz\/en\/#\/schema\/person\/image\/\",\"url\":\"https:\/\/secure.gravatar.com\/avatar\/1084be55d349722fc00576866f444e7931405d79970f0fe89622fa8c343d6058?s=96&d=mm&r=g\",\"contentUrl\":\"https:\/\/secure.gravatar.com\/avatar\/1084be55d349722fc00576866f444e7931405d79970f0fe89622fa8c343d6058?s=96&d=mm&r=g\",\"caption\":\"jg-media.eu\"},\"sameAs\":[\"https:\/\/hs.jg-media.eu\"]}]}<\/script>\n<!-- \/ Yoast SEO plugin. -->","yoast_head_json":{"title":"Ciz\u00ed ze\u010f ... D\u00edky, \u017ee jsem mohl b\u00fdt u toho! | Hanz Sedl\u00e1\u0159","robots":{"index":"index","follow":"follow","max-snippet":"max-snippet:-1","max-image-preview":"max-image-preview:large","max-video-preview":"max-video-preview:-1"},"canonical":"https:\/\/hanzsedlar.cz\/en\/cizi-zed-diky-ze-jsem-mohl-byt-u-toho\/","og_locale":"en_US","og_type":"article","og_title":"Ciz\u00ed ze\u010f ... D\u00edky, \u017ee jsem mohl b\u00fdt u toho! | Hanz Sedl\u00e1\u0159","og_description":"U\u017e jste mo\u017en\u00e1 vid\u011bli nov\u00fd d\u00edl One Man Show &#8230; Pokud ne, mo\u017en\u00e1 v\u00e1m tohle psan\u00ed nebude d\u00e1vat smysl, ale m\u016f\u017eete na n\u011bj mrknout. Cel\u00fd d\u00edl ZDE. Pozor, z\u00e1sadn\u011b neodch\u00e1zet p\u0159ed koncem. \ud83d\ude42 S\u00e1m jezd\u00edm des\u00edtky tis\u00edc km ro\u010dn\u011b jako ridi\u010d a je\u0161t\u011b mnohem v\u00edc jako pasa\u017e\u00e9r p\u0159i cest\u00e1ch na koncerty, nat\u00e1\u010den\u00ed atd. To, s [&hellip;]","og_url":"https:\/\/hanzsedlar.cz\/en\/cizi-zed-diky-ze-jsem-mohl-byt-u-toho\/","og_site_name":"Hanz Sedl\u00e1\u0159","article_publisher":"https:\/\/www.facebook.com\/hanzsedlar\/","article_published_time":"2025-05-14T16:16:29+00:00","og_image":[{"width":640,"height":480,"url":"https:\/\/hanzsedlar.cz\/wp-content\/uploads\/2025\/05\/e1XGv4PCqWY-SD.jpg","type":"image\/jpeg"}],"author":"jg-media.eu","schema":{"@context":"https:\/\/schema.org","@graph":[{"@type":"Article","@id":"https:\/\/hanzsedlar.cz\/en\/cizi-zed-diky-ze-jsem-mohl-byt-u-toho\/#article","isPartOf":{"@id":"https:\/\/hanzsedlar.cz\/en\/cizi-zed-diky-ze-jsem-mohl-byt-u-toho\/"},"author":{"name":"jg-media.eu","@id":"https:\/\/hanzsedlar.cz\/#\/schema\/person\/0f9e6d32139af6214c8623a46c258a0b"},"headline":"Ciz\u00ed ze\u010f &#8230; D\u00edky, \u017ee jsem mohl b\u00fdt u toho!","datePublished":"2025-05-14T16:16:29+00:00","mainEntityOfPage":{"@id":"https:\/\/hanzsedlar.cz\/en\/cizi-zed-diky-ze-jsem-mohl-byt-u-toho\/"},"wordCount":558,"commentCount":0,"publisher":{"@id":"https:\/\/hanzsedlar.cz\/#organization"},"image":{"@id":"https:\/\/hanzsedlar.cz\/en\/cizi-zed-diky-ze-jsem-mohl-byt-u-toho\/#primaryimage"},"thumbnailUrl":"https:\/\/hanzsedlar.cz\/wp-content\/uploads\/2025\/05\/e1XGv4PCqWY-SD.jpg","articleSection":["News"],"inLanguage":"en-US","potentialAction":[{"@type":"CommentAction","name":"Comment","target":["https:\/\/hanzsedlar.cz\/en\/cizi-zed-diky-ze-jsem-mohl-byt-u-toho\/#respond"]}]},{"@type":"WebPage","@id":"https:\/\/hanzsedlar.cz\/en\/cizi-zed-diky-ze-jsem-mohl-byt-u-toho\/","url":"https:\/\/hanzsedlar.cz\/en\/cizi-zed-diky-ze-jsem-mohl-byt-u-toho\/","name":"Ciz\u00ed ze\u010f ... D\u00edky, \u017ee jsem mohl b\u00fdt u toho! | Hanz Sedl\u00e1\u0159","isPartOf":{"@id":"https:\/\/hanzsedlar.cz\/en\/#website"},"primaryImageOfPage":{"@id":"https:\/\/hanzsedlar.cz\/en\/cizi-zed-diky-ze-jsem-mohl-byt-u-toho\/#primaryimage"},"image":{"@id":"https:\/\/hanzsedlar.cz\/en\/cizi-zed-diky-ze-jsem-mohl-byt-u-toho\/#primaryimage"},"thumbnailUrl":"https:\/\/hanzsedlar.cz\/wp-content\/uploads\/2025\/05\/e1XGv4PCqWY-SD.jpg","datePublished":"2025-05-14T16:16:29+00:00","breadcrumb":{"@id":"https:\/\/hanzsedlar.cz\/en\/cizi-zed-diky-ze-jsem-mohl-byt-u-toho\/#breadcrumb"},"inLanguage":"en-US","potentialAction":[{"@type":"ReadAction","target":[["https:\/\/hanzsedlar.cz\/en\/cizi-zed-diky-ze-jsem-mohl-byt-u-toho\/"]]}]},{"@type":"ImageObject","inLanguage":"en-US","@id":"https:\/\/hanzsedlar.cz\/en\/cizi-zed-diky-ze-jsem-mohl-byt-u-toho\/#primaryimage","url":"https:\/\/hanzsedlar.cz\/wp-content\/uploads\/2025\/05\/e1XGv4PCqWY-SD.jpg","contentUrl":"https:\/\/hanzsedlar.cz\/wp-content\/uploads\/2025\/05\/e1XGv4PCqWY-SD.jpg","width":640,"height":480},{"@type":"BreadcrumbList","@id":"https:\/\/hanzsedlar.cz\/en\/cizi-zed-diky-ze-jsem-mohl-byt-u-toho\/#breadcrumb","itemListElement":[{"@type":"ListItem","position":1,"name":"Dom\u016f","item":"https:\/\/hanzsedlar.cz\/en\/"},{"@type":"ListItem","position":2,"name":"Ciz\u00ed ze\u010f &#8230; D\u00edky, \u017ee jsem mohl b\u00fdt u toho!"}]},{"@type":"WebSite","@id":"https:\/\/hanzsedlar.cz\/en\/#website","url":"https:\/\/hanzsedlar.cz\/en\/","name":"Hanz Sedl\u00e1\u0159","description":"skladatel, dirigent, buben\u00edk","publisher":{"@id":"https:\/\/hanzsedlar.cz\/en\/#organization"},"potentialAction":[{"@type":"SearchAction","target":{"@type":"EntryPoint","urlTemplate":"https:\/\/hanzsedlar.cz\/en\/?s={search_term_string}"},"query-input":{"@type":"PropertyValueSpecification","valueRequired":true,"valueName":"search_term_string"}}],"inLanguage":"en-US"},{"@type":"Organization","@id":"https:\/\/hanzsedlar.cz\/en\/#organization","name":"Hanz Sedl\u00e1\u0159 | skladatel, dirigent, buben\u00edk","url":"https:\/\/hanzsedlar.cz\/en\/","logo":{"@type":"ImageObject","inLanguage":"en-US","@id":"https:\/\/hanzsedlar.cz\/en\/#\/schema\/logo\/image\/","url":"https:\/\/hanzsedlar.cz\/wp-content\/uploads\/2025\/05\/logo-znak.svg","contentUrl":"https:\/\/hanzsedlar.cz\/wp-content\/uploads\/2025\/05\/logo-znak.svg","width":854,"height":853,"caption":"Hanz Sedl\u00e1\u0159 | skladatel, dirigent, buben\u00edk"},"image":{"@id":"https:\/\/hanzsedlar.cz\/en\/#\/schema\/logo\/image\/"},"sameAs":["https:\/\/www.facebook.com\/hanzsedlar\/","https:\/\/www.instagram.com\/hanzsedlar\/","https:\/\/www.youtube.com\/hanzsedlar"]},{"@type":"Person","@id":"https:\/\/hanzsedlar.cz\/#\/schema\/person\/0f9e6d32139af6214c8623a46c258a0b","name":"jg-media.eu","image":{"@type":"ImageObject","inLanguage":"en-US","@id":"https:\/\/hanzsedlar.cz\/en\/#\/schema\/person\/image\/","url":"https:\/\/secure.gravatar.com\/avatar\/1084be55d349722fc00576866f444e7931405d79970f0fe89622fa8c343d6058?s=96&d=mm&r=g","contentUrl":"https:\/\/secure.gravatar.com\/avatar\/1084be55d349722fc00576866f444e7931405d79970f0fe89622fa8c343d6058?s=96&d=mm&r=g","caption":"jg-media.eu"},"sameAs":["https:\/\/hs.jg-media.eu"]}]}},"_links":{"self":[{"href":"https:\/\/hanzsedlar.cz\/en\/wp-json\/wp\/v2\/posts\/1529","targetHints":{"allow":["GET"]}}],"collection":[{"href":"https:\/\/hanzsedlar.cz\/en\/wp-json\/wp\/v2\/posts"}],"about":[{"href":"https:\/\/hanzsedlar.cz\/en\/wp-json\/wp\/v2\/types\/post"}],"author":[{"embeddable":true,"href":"https:\/\/hanzsedlar.cz\/en\/wp-json\/wp\/v2\/users\/1"}],"replies":[{"embeddable":true,"href":"https:\/\/hanzsedlar.cz\/en\/wp-json\/wp\/v2\/comments?post=1529"}],"version-history":[{"count":1,"href":"https:\/\/hanzsedlar.cz\/en\/wp-json\/wp\/v2\/posts\/1529\/revisions"}],"predecessor-version":[{"id":1532,"href":"https:\/\/hanzsedlar.cz\/en\/wp-json\/wp\/v2\/posts\/1529\/revisions\/1532"}],"wp:featuredmedia":[{"embeddable":true,"href":"https:\/\/hanzsedlar.cz\/en\/wp-json\/wp\/v2\/media\/1530"}],"wp:attachment":[{"href":"https:\/\/hanzsedlar.cz\/en\/wp-json\/wp\/v2\/media?parent=1529"}],"wp:term":[{"taxonomy":"category","embeddable":true,"href":"https:\/\/hanzsedlar.cz\/en\/wp-json\/wp\/v2\/categories?post=1529"},{"taxonomy":"post_tag","embeddable":true,"href":"https:\/\/hanzsedlar.cz\/en\/wp-json\/wp\/v2\/tags?post=1529"}],"curies":[{"name":"wp","href":"https:\/\/api.w.org\/{rel}","templated":true}]}}