{"id":1524,"date":"2025-05-14T18:14:50","date_gmt":"2025-05-14T16:14:50","guid":{"rendered":"https:\/\/hs.jg-media.eu\/?p=1524"},"modified":"2025-05-14T18:14:50","modified_gmt":"2025-05-14T16:14:50","slug":"hs-mikrofonni-drzak-v-prodeji","status":"publish","type":"post","link":"https:\/\/hanzsedlar.cz\/en\/hs-mikrofonni-drzak-v-prodeji\/","title":{"rendered":"HS-mikrofonn\u00ed dr\u017e\u00e1k v prodeji!"},"content":{"rendered":"\n<p>Je mi velkou ct\u00ed, \u017ee se prodeje m\u00e9ho mikrofonn\u00edho dr\u017e\u00e1ku ujal skv\u011bl\u00fd e-shop <a href=\"http:\/\/www.drumcenter.cz\/drzak-mikr-hs-k-obruci-bd\/produkt-94754.html\" target=\"_blank\" rel=\"noreferrer noopener\">DRUMCENTER.CZ<\/a><\/p>\n\n\n\n<p id=\"viewer-barw9\">N\u011bkte\u0159\u00ed ho u\u017e zn\u00e1te, n\u011bkte\u0159\u00ed ne. Jde o dr\u017e\u00e1k na mikrofon k velk\u00e9mu bubnu, kter\u00fd se jednodu\u0161e upevn\u00ed na r\u00e1fek. V\u011bt\u0161inou je na podiu m\u00e1lo m\u00edsta a nejednou buben\u00edky potr\u00e1pila t\u0159eba roztr\u017een\u00e1 bl\u00e1na, proto\u017ee n\u011bkdo zavadil o stojan, kter\u00fd &#8221;nesmysln\u011b tr\u010del p\u0159ed kop\u00e1kem&#8221;. Tady je \u0159e\u0161en\u00ed. Tento dr\u017e\u00e1k je jednoduch\u00fd, kompaktn\u00ed a ur\u010dit\u011b spln\u00ed va\u0161e o\u010dek\u00e1v\u00e1n\u00ed.<\/p>\n\n\n\n<p id=\"viewer-zvmi2\">Mezi spokojen\u00e9 u\u017eivatele tohoto dr\u017e\u00e1ku pat\u0159\u00ed i skupiny jako jsou<\/p>\n\n\n\n<p id=\"viewer-c19xy\"><strong>Animals as Leaders<\/strong> (USA), <strong>Periphery<\/strong> (USA), <strong>Modern Day Babylon<\/strong>, <strong>\u0160kwor<\/strong>, <strong>Queenie<\/strong> atd.<\/p>\n\n\n\n<p id=\"viewer-xsmvg\">Zvuka\u0159i ho maj\u00ed taky celkem v oblib\u011b.<\/p>\n\n\n\n<figure class=\"wp-block-gallery has-nested-images columns-default is-cropped wp-block-gallery-1 is-layout-flex wp-block-gallery-is-layout-flex\">\n<figure data-wp-context=\"{&quot;imageId&quot;:&quot;69f3bc21bfef8&quot;}\" data-wp-interactive=\"core\/image\" data-wp-key=\"69f3bc21bfef8\" class=\"wp-block-image size-large wp-lightbox-container\"><img loading=\"lazy\" decoding=\"async\" width=\"574\" height=\"430\" data-wp-class--hide=\"state.isContentHidden\" data-wp-class--show=\"state.isContentVisible\" data-wp-init=\"callbacks.setButtonStyles\" data-wp-on--click=\"actions.showLightbox\" data-wp-on--load=\"callbacks.setButtonStyles\" data-wp-on-window--resize=\"callbacks.setButtonStyles\" data-id=\"1525\" src=\"https:\/\/hs.jg-media.eu\/wp-content\/uploads\/2025\/05\/fedd35_07c45b3a40f44be2b3f7e8b828937d83mv2.jpg\" alt=\"\" class=\"wp-image-1525\" srcset=\"https:\/\/hanzsedlar.cz\/wp-content\/uploads\/2025\/05\/fedd35_07c45b3a40f44be2b3f7e8b828937d83mv2.jpg 574w, https:\/\/hanzsedlar.cz\/wp-content\/uploads\/2025\/05\/fedd35_07c45b3a40f44be2b3f7e8b828937d83mv2-300x225.jpg 300w\" sizes=\"auto, (max-width: 574px) 100vw, 574px\" \/><button\n\t\t\tclass=\"lightbox-trigger\"\n\t\t\ttype=\"button\"\n\t\t\taria-haspopup=\"dialog\"\n\t\t\taria-label=\"Enlarge\"\n\t\t\tdata-wp-init=\"callbacks.initTriggerButton\"\n\t\t\tdata-wp-on--click=\"actions.showLightbox\"\n\t\t\tdata-wp-style--right=\"state.imageButtonRight\"\n\t\t\tdata-wp-style--top=\"state.imageButtonTop\"\n\t\t>\n\t\t\t<svg xmlns=\"http:\/\/www.w3.org\/2000\/svg\" width=\"12\" height=\"12\" fill=\"none\" viewBox=\"0 0 12 12\">\n\t\t\t\t<path fill=\"#fff\" d=\"M2 0a2 2 0 0 0-2 2v2h1.5V2a.5.5 0 0 1 .5-.5h2V0H2Zm2 10.5H2a.5.5 0 0 1-.5-.5V8H0v2a2 2 0 0 0 2 2h2v-1.5ZM8 12v-1.5h2a.5.5 0 0 0 .5-.5V8H12v2a2 2 0 0 1-2 2H8Zm2-12a2 2 0 0 1 2 2v2h-1.5V2a.5.5 0 0 0-.5-.5H8V0h2Z\" \/>\n\t\t\t<\/svg>\n\t\t<\/button><\/figure>\n\n\n\n<figure data-wp-context=\"{&quot;imageId&quot;:&quot;69f3bc21c0424&quot;}\" data-wp-interactive=\"core\/image\" data-wp-key=\"69f3bc21c0424\" class=\"wp-block-image size-large wp-lightbox-container\"><img loading=\"lazy\" decoding=\"async\" width=\"572\" height=\"431\" data-wp-class--hide=\"state.isContentHidden\" data-wp-class--show=\"state.isContentVisible\" data-wp-init=\"callbacks.setButtonStyles\" data-wp-on--click=\"actions.showLightbox\" data-wp-on--load=\"callbacks.setButtonStyles\" data-wp-on-window--resize=\"callbacks.setButtonStyles\" data-id=\"1527\" src=\"https:\/\/hs.jg-media.eu\/wp-content\/uploads\/2025\/05\/fedd35_c9e42850c0734742bf72649d63375e85mv2.jpg\" alt=\"\" class=\"wp-image-1527\" srcset=\"https:\/\/hanzsedlar.cz\/wp-content\/uploads\/2025\/05\/fedd35_c9e42850c0734742bf72649d63375e85mv2.jpg 572w, https:\/\/hanzsedlar.cz\/wp-content\/uploads\/2025\/05\/fedd35_c9e42850c0734742bf72649d63375e85mv2-300x226.jpg 300w\" sizes=\"auto, (max-width: 572px) 100vw, 572px\" \/><button\n\t\t\tclass=\"lightbox-trigger\"\n\t\t\ttype=\"button\"\n\t\t\taria-haspopup=\"dialog\"\n\t\t\taria-label=\"Enlarge\"\n\t\t\tdata-wp-init=\"callbacks.initTriggerButton\"\n\t\t\tdata-wp-on--click=\"actions.showLightbox\"\n\t\t\tdata-wp-style--right=\"state.imageButtonRight\"\n\t\t\tdata-wp-style--top=\"state.imageButtonTop\"\n\t\t>\n\t\t\t<svg xmlns=\"http:\/\/www.w3.org\/2000\/svg\" width=\"12\" height=\"12\" fill=\"none\" viewBox=\"0 0 12 12\">\n\t\t\t\t<path fill=\"#fff\" d=\"M2 0a2 2 0 0 0-2 2v2h1.5V2a.5.5 0 0 1 .5-.5h2V0H2Zm2 10.5H2a.5.5 0 0 1-.5-.5V8H0v2a2 2 0 0 0 2 2h2v-1.5ZM8 12v-1.5h2a.5.5 0 0 0 .5-.5V8H12v2a2 2 0 0 1-2 2H8Zm2-12a2 2 0 0 1 2 2v2h-1.5V2a.5.5 0 0 0-.5-.5H8V0h2Z\" \/>\n\t\t\t<\/svg>\n\t\t<\/button><\/figure>\n\n\n\n<figure data-wp-context=\"{&quot;imageId&quot;:&quot;69f3bc21c09f8&quot;}\" data-wp-interactive=\"core\/image\" data-wp-key=\"69f3bc21c09f8\" class=\"wp-block-image size-large wp-lightbox-container\"><img loading=\"lazy\" decoding=\"async\" width=\"574\" height=\"430\" data-wp-class--hide=\"state.isContentHidden\" data-wp-class--show=\"state.isContentVisible\" data-wp-init=\"callbacks.setButtonStyles\" data-wp-on--click=\"actions.showLightbox\" data-wp-on--load=\"callbacks.setButtonStyles\" data-wp-on-window--resize=\"callbacks.setButtonStyles\" data-id=\"1526\" src=\"https:\/\/hs.jg-media.eu\/wp-content\/uploads\/2025\/05\/fedd35_3f2bdc4dba8c48e3be92cb1b3b59ad8emv2.jpg\" alt=\"\" class=\"wp-image-1526\" srcset=\"https:\/\/hanzsedlar.cz\/wp-content\/uploads\/2025\/05\/fedd35_3f2bdc4dba8c48e3be92cb1b3b59ad8emv2.jpg 574w, https:\/\/hanzsedlar.cz\/wp-content\/uploads\/2025\/05\/fedd35_3f2bdc4dba8c48e3be92cb1b3b59ad8emv2-300x225.jpg 300w\" sizes=\"auto, (max-width: 574px) 100vw, 574px\" \/><button\n\t\t\tclass=\"lightbox-trigger\"\n\t\t\ttype=\"button\"\n\t\t\taria-haspopup=\"dialog\"\n\t\t\taria-label=\"Enlarge\"\n\t\t\tdata-wp-init=\"callbacks.initTriggerButton\"\n\t\t\tdata-wp-on--click=\"actions.showLightbox\"\n\t\t\tdata-wp-style--right=\"state.imageButtonRight\"\n\t\t\tdata-wp-style--top=\"state.imageButtonTop\"\n\t\t>\n\t\t\t<svg xmlns=\"http:\/\/www.w3.org\/2000\/svg\" width=\"12\" height=\"12\" fill=\"none\" viewBox=\"0 0 12 12\">\n\t\t\t\t<path fill=\"#fff\" d=\"M2 0a2 2 0 0 0-2 2v2h1.5V2a.5.5 0 0 1 .5-.5h2V0H2Zm2 10.5H2a.5.5 0 0 1-.5-.5V8H0v2a2 2 0 0 0 2 2h2v-1.5ZM8 12v-1.5h2a.5.5 0 0 0 .5-.5V8H12v2a2 2 0 0 1-2 2H8Zm2-12a2 2 0 0 1 2 2v2h-1.5V2a.5.5 0 0 0-.5-.5H8V0h2Z\" \/>\n\t\t\t<\/svg>\n\t\t<\/button><\/figure>\n<\/figure>\n\n\n\n<h3 class=\"wp-block-heading\" id=\"viewer-t5cuc\"><strong>FAQ<\/strong><\/h3>\n\n\n\n<p id=\"viewer-4fjxd\"><strong>je tento dr\u017e\u00e1k vhodn\u00fd ke v\u0161em typ\u016fm mikrofonu?<\/strong><\/p>\n\n\n\n<p id=\"viewer-9mp96\">Daj\u00ed se na n\u011bj pou\u017e\u00edt v\u0161echny typy mikrofon\u016f, je jen ot\u00e1zkou, kde m\u00e1te um\u00edst\u011bnou d\u00edru v bl\u00e1n\u011b. N\u011bkter\u00e9 mikrofony (nap\u0159. Beta 52) jsou toti\u017e del\u0161\u00ed od vlo\u017eky k z\u00e1vitu uchycen\u00ed, a tak je t\u0159eba na to myslet. P\u0159ednostn\u011b byl ale vyroben pro D6 a jemu stylem uchycen\u00ed podobn\u00e9 mikrofony.<\/p>\n\n\n\n<p id=\"viewer-sns2c\"><strong>M\u016f\u017eu nechat dr\u017e\u00e1k na r\u00e1fku a sund\u00e1vat pouze ty\u010dinku s mikrofonem?<\/strong><\/p>\n\n\n\n<p id=\"viewer-i1a55\">Ur\u010dit\u011b ano, tak to d\u011bl\u00e1 spousta z v\u00e1s. Proto je taky \u0161roub na uchycen\u00ed ty\u010dinky ze\u0161ikma, aby v\u00e1m t\u0159eba neroztrhl m\u011bkk\u00fd obal.<\/p>\n\n\n\n<p id=\"viewer-363b9\"><strong>Nevad\u00ed mikrofonu vibrace p\u0159en\u00e1\u0161en\u00ed p\u0159es r\u00e1fek?<\/strong><\/p>\n\n\n\n<p id=\"viewer-7t32b\">Ne, nevad\u00ed. Opravdu to nem\u00e1 t\u00e9m\u011b\u0159 \u017e\u00e1dn\u00fd vliv a na \u017eiv\u00e9 hran\u00ed je to absolutn\u011b nerozpoznateln\u00e9. Dokonce i ve studiu to tak po\u017e\u00edv\u00e1 n\u011bkolik zvuka\u0159\u016f. Pokud ov\u0161em pou\u017eijete mikrofon, kter\u00fd nen\u00ed ur\u010den\u00fd pro velk\u00fd buben, n\u011bco sly\u0161et bude.<\/p>\n\n\n\n<p id=\"viewer-ciw8z\">Zvukov\u00e1 uk\u00e1zka je na tomto videu, kde si m\u016f\u017eete poslechnout rozd\u00edl &#8211; stojan vs. HS dr\u017e\u00e1k. Z\u00e1m\u011brn\u011b jsem pou\u017eil i absolutn\u011b nevhodn\u00fd mikrofon.<\/p>\n\n\n\n<figure class=\"wp-block-embed is-type-video is-provider-youtube wp-block-embed-youtube wp-embed-aspect-16-9 wp-has-aspect-ratio\"><div class=\"wp-block-embed__wrapper\">\n<iframe loading=\"lazy\" title=\"SHOCK TEST - Microphone holder by Hanz Sedlar\" width=\"1290\" height=\"726\" src=\"https:\/\/www.youtube.com\/embed\/Mg-Mkc0MOBU?feature=oembed\" frameborder=\"0\" allow=\"accelerometer; autoplay; clipboard-write; encrypted-media; gyroscope; picture-in-picture; web-share\" referrerpolicy=\"strict-origin-when-cross-origin\" allowfullscreen><\/iframe>\n<\/div><\/figure>\n\n\n\n<p><a href=\"http:\/\/www.drumcenter.cz\/drzak-mikr-hs-k-obruci-bd\/produkt-94754.html\" target=\"_blank\" rel=\"noreferrer noopener\"><strong>Vstoupit do e-shopu!<\/strong><\/a><\/p>\n","protected":false},"excerpt":{"rendered":"<p>Je mi velkou ct\u00ed, \u017ee se prodeje m\u00e9ho mikrofonn\u00edho dr\u017e\u00e1ku ujal skv\u011bl\u00fd e-shop DRUMCENTER.CZ N\u011bkte\u0159\u00ed ho u\u017e zn\u00e1te, n\u011bkte\u0159\u00ed ne. Jde o dr\u017e\u00e1k na mikrofon k velk\u00e9mu bubnu, kter\u00fd se jednodu\u0161e upevn\u00ed na r\u00e1fek. V\u011bt\u0161inou je na podiu m\u00e1lo m\u00edsta a nejednou buben\u00edky potr\u00e1pila t\u0159eba roztr\u017een\u00e1 bl\u00e1na, proto\u017ee n\u011bkdo zavadil o stojan, kter\u00fd &#8221;nesmysln\u011b tr\u010del [&hellip;]<\/p>\n","protected":false},"author":1,"featured_media":1526,"comment_status":"open","ping_status":"open","sticky":false,"template":"","format":"standard","meta":{"footnotes":""},"categories":[1],"tags":[],"class_list":["post-1524","post","type-post","status-publish","format-standard","has-post-thumbnail","hentry","category-novinky"],"blocksy_meta":[],"yoast_head":"<!-- This site is optimized with the Yoast SEO plugin v26.5 - https:\/\/yoast.com\/wordpress\/plugins\/seo\/ -->\n<title>HS-mikrofonn\u00ed dr\u017e\u00e1k v prodeji! | Hanz Sedl\u00e1\u0159<\/title>\n<meta name=\"robots\" content=\"index, follow, max-snippet:-1, max-image-preview:large, max-video-preview:-1\" \/>\n<link rel=\"canonical\" href=\"https:\/\/hanzsedlar.cz\/en\/hs-mikrofonni-drzak-v-prodeji\/\" \/>\n<meta property=\"og:locale\" content=\"en_US\" \/>\n<meta property=\"og:type\" content=\"article\" \/>\n<meta property=\"og:title\" content=\"HS-mikrofonn\u00ed dr\u017e\u00e1k v prodeji! | Hanz Sedl\u00e1\u0159\" \/>\n<meta property=\"og:description\" content=\"Je mi velkou ct\u00ed, \u017ee se prodeje m\u00e9ho mikrofonn\u00edho dr\u017e\u00e1ku ujal skv\u011bl\u00fd e-shop DRUMCENTER.CZ N\u011bkte\u0159\u00ed ho u\u017e zn\u00e1te, n\u011bkte\u0159\u00ed ne. Jde o dr\u017e\u00e1k na mikrofon k velk\u00e9mu bubnu, kter\u00fd se jednodu\u0161e upevn\u00ed na r\u00e1fek. V\u011bt\u0161inou je na podiu m\u00e1lo m\u00edsta a nejednou buben\u00edky potr\u00e1pila t\u0159eba roztr\u017een\u00e1 bl\u00e1na, proto\u017ee n\u011bkdo zavadil o stojan, kter\u00fd &#8221;nesmysln\u011b tr\u010del [&hellip;]\" \/>\n<meta property=\"og:url\" content=\"https:\/\/hanzsedlar.cz\/en\/hs-mikrofonni-drzak-v-prodeji\/\" \/>\n<meta property=\"og:site_name\" content=\"Hanz Sedl\u00e1\u0159\" \/>\n<meta property=\"article:publisher\" content=\"https:\/\/www.facebook.com\/hanzsedlar\/\" \/>\n<meta property=\"article:published_time\" content=\"2025-05-14T16:14:50+00:00\" \/>\n<meta property=\"og:image\" content=\"https:\/\/hanzsedlar.cz\/wp-content\/uploads\/2025\/05\/fedd35_3f2bdc4dba8c48e3be92cb1b3b59ad8emv2.jpg\" \/>\n\t<meta property=\"og:image:width\" content=\"574\" \/>\n\t<meta property=\"og:image:height\" content=\"430\" \/>\n\t<meta property=\"og:image:type\" content=\"image\/jpeg\" \/>\n<meta name=\"author\" content=\"jg-media.eu\" \/>\n<script type=\"application\/ld+json\" class=\"yoast-schema-graph\">{\"@context\":\"https:\/\/schema.org\",\"@graph\":[{\"@type\":\"Article\",\"@id\":\"https:\/\/hanzsedlar.cz\/en\/hs-mikrofonni-drzak-v-prodeji\/#article\",\"isPartOf\":{\"@id\":\"https:\/\/hanzsedlar.cz\/en\/hs-mikrofonni-drzak-v-prodeji\/\"},\"author\":{\"name\":\"jg-media.eu\",\"@id\":\"https:\/\/hanzsedlar.cz\/#\/schema\/person\/0f9e6d32139af6214c8623a46c258a0b\"},\"headline\":\"HS-mikrofonn\u00ed dr\u017e\u00e1k v prodeji!\",\"datePublished\":\"2025-05-14T16:14:50+00:00\",\"mainEntityOfPage\":{\"@id\":\"https:\/\/hanzsedlar.cz\/en\/hs-mikrofonni-drzak-v-prodeji\/\"},\"wordCount\":357,\"commentCount\":0,\"publisher\":{\"@id\":\"https:\/\/hanzsedlar.cz\/#organization\"},\"image\":{\"@id\":\"https:\/\/hanzsedlar.cz\/en\/hs-mikrofonni-drzak-v-prodeji\/#primaryimage\"},\"thumbnailUrl\":\"https:\/\/hanzsedlar.cz\/wp-content\/uploads\/2025\/05\/fedd35_3f2bdc4dba8c48e3be92cb1b3b59ad8emv2.jpg\",\"articleSection\":[\"News\"],\"inLanguage\":\"en-US\",\"potentialAction\":[{\"@type\":\"CommentAction\",\"name\":\"Comment\",\"target\":[\"https:\/\/hanzsedlar.cz\/en\/hs-mikrofonni-drzak-v-prodeji\/#respond\"]}]},{\"@type\":\"WebPage\",\"@id\":\"https:\/\/hanzsedlar.cz\/en\/hs-mikrofonni-drzak-v-prodeji\/\",\"url\":\"https:\/\/hanzsedlar.cz\/en\/hs-mikrofonni-drzak-v-prodeji\/\",\"name\":\"HS-mikrofonn\u00ed dr\u017e\u00e1k v prodeji! | Hanz Sedl\u00e1\u0159\",\"isPartOf\":{\"@id\":\"https:\/\/hanzsedlar.cz\/en\/#website\"},\"primaryImageOfPage\":{\"@id\":\"https:\/\/hanzsedlar.cz\/en\/hs-mikrofonni-drzak-v-prodeji\/#primaryimage\"},\"image\":{\"@id\":\"https:\/\/hanzsedlar.cz\/en\/hs-mikrofonni-drzak-v-prodeji\/#primaryimage\"},\"thumbnailUrl\":\"https:\/\/hanzsedlar.cz\/wp-content\/uploads\/2025\/05\/fedd35_3f2bdc4dba8c48e3be92cb1b3b59ad8emv2.jpg\",\"datePublished\":\"2025-05-14T16:14:50+00:00\",\"breadcrumb\":{\"@id\":\"https:\/\/hanzsedlar.cz\/en\/hs-mikrofonni-drzak-v-prodeji\/#breadcrumb\"},\"inLanguage\":\"en-US\",\"potentialAction\":[{\"@type\":\"ReadAction\",\"target\":[[\"https:\/\/hanzsedlar.cz\/en\/hs-mikrofonni-drzak-v-prodeji\/\"]]}]},{\"@type\":\"ImageObject\",\"inLanguage\":\"en-US\",\"@id\":\"https:\/\/hanzsedlar.cz\/en\/hs-mikrofonni-drzak-v-prodeji\/#primaryimage\",\"url\":\"https:\/\/hanzsedlar.cz\/wp-content\/uploads\/2025\/05\/fedd35_3f2bdc4dba8c48e3be92cb1b3b59ad8emv2.jpg\",\"contentUrl\":\"https:\/\/hanzsedlar.cz\/wp-content\/uploads\/2025\/05\/fedd35_3f2bdc4dba8c48e3be92cb1b3b59ad8emv2.jpg\",\"width\":574,\"height\":430},{\"@type\":\"BreadcrumbList\",\"@id\":\"https:\/\/hanzsedlar.cz\/en\/hs-mikrofonni-drzak-v-prodeji\/#breadcrumb\",\"itemListElement\":[{\"@type\":\"ListItem\",\"position\":1,\"name\":\"Dom\u016f\",\"item\":\"https:\/\/hanzsedlar.cz\/en\/\"},{\"@type\":\"ListItem\",\"position\":2,\"name\":\"HS-mikrofonn\u00ed dr\u017e\u00e1k v prodeji!\"}]},{\"@type\":\"WebSite\",\"@id\":\"https:\/\/hanzsedlar.cz\/en\/#website\",\"url\":\"https:\/\/hanzsedlar.cz\/en\/\",\"name\":\"Hanz Sedl\u00e1\u0159\",\"description\":\"skladatel, dirigent, buben\u00edk\",\"publisher\":{\"@id\":\"https:\/\/hanzsedlar.cz\/en\/#organization\"},\"potentialAction\":[{\"@type\":\"SearchAction\",\"target\":{\"@type\":\"EntryPoint\",\"urlTemplate\":\"https:\/\/hanzsedlar.cz\/en\/?s={search_term_string}\"},\"query-input\":{\"@type\":\"PropertyValueSpecification\",\"valueRequired\":true,\"valueName\":\"search_term_string\"}}],\"inLanguage\":\"en-US\"},{\"@type\":\"Organization\",\"@id\":\"https:\/\/hanzsedlar.cz\/en\/#organization\",\"name\":\"Hanz Sedl\u00e1\u0159 | skladatel, dirigent, buben\u00edk\",\"url\":\"https:\/\/hanzsedlar.cz\/en\/\",\"logo\":{\"@type\":\"ImageObject\",\"inLanguage\":\"en-US\",\"@id\":\"https:\/\/hanzsedlar.cz\/en\/#\/schema\/logo\/image\/\",\"url\":\"https:\/\/hanzsedlar.cz\/wp-content\/uploads\/2025\/05\/logo-znak.svg\",\"contentUrl\":\"https:\/\/hanzsedlar.cz\/wp-content\/uploads\/2025\/05\/logo-znak.svg\",\"width\":854,\"height\":853,\"caption\":\"Hanz Sedl\u00e1\u0159 | skladatel, dirigent, buben\u00edk\"},\"image\":{\"@id\":\"https:\/\/hanzsedlar.cz\/en\/#\/schema\/logo\/image\/\"},\"sameAs\":[\"https:\/\/www.facebook.com\/hanzsedlar\/\",\"https:\/\/www.instagram.com\/hanzsedlar\/\",\"https:\/\/www.youtube.com\/hanzsedlar\"]},{\"@type\":\"Person\",\"@id\":\"https:\/\/hanzsedlar.cz\/#\/schema\/person\/0f9e6d32139af6214c8623a46c258a0b\",\"name\":\"jg-media.eu\",\"image\":{\"@type\":\"ImageObject\",\"inLanguage\":\"en-US\",\"@id\":\"https:\/\/hanzsedlar.cz\/en\/#\/schema\/person\/image\/\",\"url\":\"https:\/\/secure.gravatar.com\/avatar\/1084be55d349722fc00576866f444e7931405d79970f0fe89622fa8c343d6058?s=96&d=mm&r=g\",\"contentUrl\":\"https:\/\/secure.gravatar.com\/avatar\/1084be55d349722fc00576866f444e7931405d79970f0fe89622fa8c343d6058?s=96&d=mm&r=g\",\"caption\":\"jg-media.eu\"},\"sameAs\":[\"https:\/\/hs.jg-media.eu\"]}]}<\/script>\n<!-- \/ Yoast SEO plugin. -->","yoast_head_json":{"title":"HS-mikrofonn\u00ed dr\u017e\u00e1k v prodeji! | Hanz Sedl\u00e1\u0159","robots":{"index":"index","follow":"follow","max-snippet":"max-snippet:-1","max-image-preview":"max-image-preview:large","max-video-preview":"max-video-preview:-1"},"canonical":"https:\/\/hanzsedlar.cz\/en\/hs-mikrofonni-drzak-v-prodeji\/","og_locale":"en_US","og_type":"article","og_title":"HS-mikrofonn\u00ed dr\u017e\u00e1k v prodeji! | Hanz Sedl\u00e1\u0159","og_description":"Je mi velkou ct\u00ed, \u017ee se prodeje m\u00e9ho mikrofonn\u00edho dr\u017e\u00e1ku ujal skv\u011bl\u00fd e-shop DRUMCENTER.CZ N\u011bkte\u0159\u00ed ho u\u017e zn\u00e1te, n\u011bkte\u0159\u00ed ne. Jde o dr\u017e\u00e1k na mikrofon k velk\u00e9mu bubnu, kter\u00fd se jednodu\u0161e upevn\u00ed na r\u00e1fek. V\u011bt\u0161inou je na podiu m\u00e1lo m\u00edsta a nejednou buben\u00edky potr\u00e1pila t\u0159eba roztr\u017een\u00e1 bl\u00e1na, proto\u017ee n\u011bkdo zavadil o stojan, kter\u00fd &#8221;nesmysln\u011b tr\u010del [&hellip;]","og_url":"https:\/\/hanzsedlar.cz\/en\/hs-mikrofonni-drzak-v-prodeji\/","og_site_name":"Hanz Sedl\u00e1\u0159","article_publisher":"https:\/\/www.facebook.com\/hanzsedlar\/","article_published_time":"2025-05-14T16:14:50+00:00","og_image":[{"width":574,"height":430,"url":"https:\/\/hanzsedlar.cz\/wp-content\/uploads\/2025\/05\/fedd35_3f2bdc4dba8c48e3be92cb1b3b59ad8emv2.jpg","type":"image\/jpeg"}],"author":"jg-media.eu","schema":{"@context":"https:\/\/schema.org","@graph":[{"@type":"Article","@id":"https:\/\/hanzsedlar.cz\/en\/hs-mikrofonni-drzak-v-prodeji\/#article","isPartOf":{"@id":"https:\/\/hanzsedlar.cz\/en\/hs-mikrofonni-drzak-v-prodeji\/"},"author":{"name":"jg-media.eu","@id":"https:\/\/hanzsedlar.cz\/#\/schema\/person\/0f9e6d32139af6214c8623a46c258a0b"},"headline":"HS-mikrofonn\u00ed dr\u017e\u00e1k v prodeji!","datePublished":"2025-05-14T16:14:50+00:00","mainEntityOfPage":{"@id":"https:\/\/hanzsedlar.cz\/en\/hs-mikrofonni-drzak-v-prodeji\/"},"wordCount":357,"commentCount":0,"publisher":{"@id":"https:\/\/hanzsedlar.cz\/#organization"},"image":{"@id":"https:\/\/hanzsedlar.cz\/en\/hs-mikrofonni-drzak-v-prodeji\/#primaryimage"},"thumbnailUrl":"https:\/\/hanzsedlar.cz\/wp-content\/uploads\/2025\/05\/fedd35_3f2bdc4dba8c48e3be92cb1b3b59ad8emv2.jpg","articleSection":["News"],"inLanguage":"en-US","potentialAction":[{"@type":"CommentAction","name":"Comment","target":["https:\/\/hanzsedlar.cz\/en\/hs-mikrofonni-drzak-v-prodeji\/#respond"]}]},{"@type":"WebPage","@id":"https:\/\/hanzsedlar.cz\/en\/hs-mikrofonni-drzak-v-prodeji\/","url":"https:\/\/hanzsedlar.cz\/en\/hs-mikrofonni-drzak-v-prodeji\/","name":"HS-mikrofonn\u00ed dr\u017e\u00e1k v prodeji! | Hanz Sedl\u00e1\u0159","isPartOf":{"@id":"https:\/\/hanzsedlar.cz\/en\/#website"},"primaryImageOfPage":{"@id":"https:\/\/hanzsedlar.cz\/en\/hs-mikrofonni-drzak-v-prodeji\/#primaryimage"},"image":{"@id":"https:\/\/hanzsedlar.cz\/en\/hs-mikrofonni-drzak-v-prodeji\/#primaryimage"},"thumbnailUrl":"https:\/\/hanzsedlar.cz\/wp-content\/uploads\/2025\/05\/fedd35_3f2bdc4dba8c48e3be92cb1b3b59ad8emv2.jpg","datePublished":"2025-05-14T16:14:50+00:00","breadcrumb":{"@id":"https:\/\/hanzsedlar.cz\/en\/hs-mikrofonni-drzak-v-prodeji\/#breadcrumb"},"inLanguage":"en-US","potentialAction":[{"@type":"ReadAction","target":[["https:\/\/hanzsedlar.cz\/en\/hs-mikrofonni-drzak-v-prodeji\/"]]}]},{"@type":"ImageObject","inLanguage":"en-US","@id":"https:\/\/hanzsedlar.cz\/en\/hs-mikrofonni-drzak-v-prodeji\/#primaryimage","url":"https:\/\/hanzsedlar.cz\/wp-content\/uploads\/2025\/05\/fedd35_3f2bdc4dba8c48e3be92cb1b3b59ad8emv2.jpg","contentUrl":"https:\/\/hanzsedlar.cz\/wp-content\/uploads\/2025\/05\/fedd35_3f2bdc4dba8c48e3be92cb1b3b59ad8emv2.jpg","width":574,"height":430},{"@type":"BreadcrumbList","@id":"https:\/\/hanzsedlar.cz\/en\/hs-mikrofonni-drzak-v-prodeji\/#breadcrumb","itemListElement":[{"@type":"ListItem","position":1,"name":"Dom\u016f","item":"https:\/\/hanzsedlar.cz\/en\/"},{"@type":"ListItem","position":2,"name":"HS-mikrofonn\u00ed dr\u017e\u00e1k v prodeji!"}]},{"@type":"WebSite","@id":"https:\/\/hanzsedlar.cz\/en\/#website","url":"https:\/\/hanzsedlar.cz\/en\/","name":"Hanz Sedl\u00e1\u0159","description":"skladatel, dirigent, buben\u00edk","publisher":{"@id":"https:\/\/hanzsedlar.cz\/en\/#organization"},"potentialAction":[{"@type":"SearchAction","target":{"@type":"EntryPoint","urlTemplate":"https:\/\/hanzsedlar.cz\/en\/?s={search_term_string}"},"query-input":{"@type":"PropertyValueSpecification","valueRequired":true,"valueName":"search_term_string"}}],"inLanguage":"en-US"},{"@type":"Organization","@id":"https:\/\/hanzsedlar.cz\/en\/#organization","name":"Hanz Sedl\u00e1\u0159 | skladatel, dirigent, buben\u00edk","url":"https:\/\/hanzsedlar.cz\/en\/","logo":{"@type":"ImageObject","inLanguage":"en-US","@id":"https:\/\/hanzsedlar.cz\/en\/#\/schema\/logo\/image\/","url":"https:\/\/hanzsedlar.cz\/wp-content\/uploads\/2025\/05\/logo-znak.svg","contentUrl":"https:\/\/hanzsedlar.cz\/wp-content\/uploads\/2025\/05\/logo-znak.svg","width":854,"height":853,"caption":"Hanz Sedl\u00e1\u0159 | skladatel, dirigent, buben\u00edk"},"image":{"@id":"https:\/\/hanzsedlar.cz\/en\/#\/schema\/logo\/image\/"},"sameAs":["https:\/\/www.facebook.com\/hanzsedlar\/","https:\/\/www.instagram.com\/hanzsedlar\/","https:\/\/www.youtube.com\/hanzsedlar"]},{"@type":"Person","@id":"https:\/\/hanzsedlar.cz\/#\/schema\/person\/0f9e6d32139af6214c8623a46c258a0b","name":"jg-media.eu","image":{"@type":"ImageObject","inLanguage":"en-US","@id":"https:\/\/hanzsedlar.cz\/en\/#\/schema\/person\/image\/","url":"https:\/\/secure.gravatar.com\/avatar\/1084be55d349722fc00576866f444e7931405d79970f0fe89622fa8c343d6058?s=96&d=mm&r=g","contentUrl":"https:\/\/secure.gravatar.com\/avatar\/1084be55d349722fc00576866f444e7931405d79970f0fe89622fa8c343d6058?s=96&d=mm&r=g","caption":"jg-media.eu"},"sameAs":["https:\/\/hs.jg-media.eu"]}]}},"_links":{"self":[{"href":"https:\/\/hanzsedlar.cz\/en\/wp-json\/wp\/v2\/posts\/1524","targetHints":{"allow":["GET"]}}],"collection":[{"href":"https:\/\/hanzsedlar.cz\/en\/wp-json\/wp\/v2\/posts"}],"about":[{"href":"https:\/\/hanzsedlar.cz\/en\/wp-json\/wp\/v2\/types\/post"}],"author":[{"embeddable":true,"href":"https:\/\/hanzsedlar.cz\/en\/wp-json\/wp\/v2\/users\/1"}],"replies":[{"embeddable":true,"href":"https:\/\/hanzsedlar.cz\/en\/wp-json\/wp\/v2\/comments?post=1524"}],"version-history":[{"count":1,"href":"https:\/\/hanzsedlar.cz\/en\/wp-json\/wp\/v2\/posts\/1524\/revisions"}],"predecessor-version":[{"id":1528,"href":"https:\/\/hanzsedlar.cz\/en\/wp-json\/wp\/v2\/posts\/1524\/revisions\/1528"}],"wp:featuredmedia":[{"embeddable":true,"href":"https:\/\/hanzsedlar.cz\/en\/wp-json\/wp\/v2\/media\/1526"}],"wp:attachment":[{"href":"https:\/\/hanzsedlar.cz\/en\/wp-json\/wp\/v2\/media?parent=1524"}],"wp:term":[{"taxonomy":"category","embeddable":true,"href":"https:\/\/hanzsedlar.cz\/en\/wp-json\/wp\/v2\/categories?post=1524"},{"taxonomy":"post_tag","embeddable":true,"href":"https:\/\/hanzsedlar.cz\/en\/wp-json\/wp\/v2\/tags?post=1524"}],"curies":[{"name":"wp","href":"https:\/\/api.w.org\/{rel}","templated":true}]}}