{"id":1454,"date":"2025-05-14T17:42:04","date_gmt":"2025-05-14T15:42:04","guid":{"rendered":"https:\/\/hs.jg-media.eu\/?p=1454"},"modified":"2025-05-14T17:42:04","modified_gmt":"2025-05-14T15:42:04","slug":"prvni-videoklip-projektu-piano-cello-je-na-svete","status":"publish","type":"post","link":"https:\/\/hanzsedlar.cz\/en\/prvni-videoklip-projektu-piano-cello-je-na-svete\/","title":{"rendered":"Prvn\u00ed videoklip projektu ,,Piano &amp; Cello&#8221; je na sv\u011bt\u011b"},"content":{"rendered":"\n<p id=\"viewer-fttu5\">Sta\u010d\u00ed m\u00edt kolem sebe skv\u011bl\u00e9 lidi a va\u0161e vize se za p\u00e1r dn\u00ed stanou skute\u010dnost\u00ed! Proto od srdce d\u011bkuji v\u0161em, kte\u0159\u00ed se pod\u00edleli na v\u00fdrob\u011b tohoto klipu:<\/p>\n\n\n\n<p id=\"viewer-m0kj0\">Hlavn\u00ed kamera, barevn\u00e9 korekce: Vladislav Franti\u0161<br>Kamery: Petr \u0160i\u0161ka, Vladim\u00edr \u0160i\u0161ka<br>Fotografov\u00e1n\u00ed: Ji\u0159\u00ed Soporsk\u00fd<br>Asistent zvuku: Jakub Zapletal<br>St\u011bhov\u00e1n\u00ed klav\u00edru: Ji\u0159\u00ed Bor\u010d, Robert Bakala, Petr Dudek, Martin Bakala, Ji\u0159\u00ed Sedl\u00e1\u0159, Zden\u011bk &#8216;ceca&#8217; Ve\u010derka<\/p>\n\n\n\n<p id=\"viewer-uz1d4\">Pomoc s organizac\u00ed: MKS Hole\u0161ov, M\u011bstsk\u00e1 policie Hole\u0161ov, Starosta m\u011bsta Hole\u0161ov, Martin David, Judr. Zden\u011bk Nov\u00e1k.<\/p>\n\n\n\n<figure class=\"wp-block-embed is-type-video is-provider-youtube wp-block-embed-youtube wp-embed-aspect-16-9 wp-has-aspect-ratio\"><div class=\"wp-block-embed__wrapper\">\n<iframe loading=\"lazy\" title=\"Hanz Sedl\u00e1\u0159 - Blooming Emotion (Piano &amp; Cello)\" width=\"1290\" height=\"726\" src=\"https:\/\/www.youtube.com\/embed\/fia6IOu7LZI?feature=oembed\" frameborder=\"0\" allow=\"accelerometer; autoplay; clipboard-write; encrypted-media; gyroscope; picture-in-picture; web-share\" referrerpolicy=\"strict-origin-when-cross-origin\" allowfullscreen><\/iframe>\n<\/div><\/figure>\n","protected":false},"excerpt":{"rendered":"<p>Sta\u010d\u00ed m\u00edt kolem sebe skv\u011bl\u00e9 lidi a va\u0161e vize se za p\u00e1r dn\u00ed stanou skute\u010dnost\u00ed! Proto od srdce d\u011bkuji v\u0161em, kte\u0159\u00ed se pod\u00edleli na v\u00fdrob\u011b tohoto klipu: Hlavn\u00ed kamera, barevn\u00e9 korekce: Vladislav Franti\u0161Kamery: Petr \u0160i\u0161ka, Vladim\u00edr \u0160i\u0161kaFotografov\u00e1n\u00ed: Ji\u0159\u00ed Soporsk\u00fdAsistent zvuku: Jakub ZapletalSt\u011bhov\u00e1n\u00ed klav\u00edru: Ji\u0159\u00ed Bor\u010d, Robert Bakala, Petr Dudek, Martin Bakala, Ji\u0159\u00ed Sedl\u00e1\u0159, Zden\u011bk &#8216;ceca&#8217; [&hellip;]<\/p>\n","protected":false},"author":1,"featured_media":1455,"comment_status":"open","ping_status":"open","sticky":false,"template":"","format":"standard","meta":{"footnotes":""},"categories":[1],"tags":[],"class_list":["post-1454","post","type-post","status-publish","format-standard","has-post-thumbnail","hentry","category-novinky"],"blocksy_meta":[],"yoast_head":"<!-- This site is optimized with the Yoast SEO plugin v26.5 - https:\/\/yoast.com\/wordpress\/plugins\/seo\/ -->\n<title>Prvn\u00ed videoklip projektu ,,Piano &amp; Cello&#039;&#039; je na sv\u011bt\u011b | Hanz Sedl\u00e1\u0159<\/title>\n<meta name=\"robots\" content=\"index, follow, max-snippet:-1, max-image-preview:large, max-video-preview:-1\" \/>\n<link rel=\"canonical\" href=\"https:\/\/hanzsedlar.cz\/en\/prvni-videoklip-projektu-piano-cello-je-na-svete\/\" \/>\n<meta property=\"og:locale\" content=\"en_US\" \/>\n<meta property=\"og:type\" content=\"article\" \/>\n<meta property=\"og:title\" content=\"Prvn\u00ed videoklip projektu ,,Piano &amp; Cello&#039;&#039; je na sv\u011bt\u011b | Hanz Sedl\u00e1\u0159\" \/>\n<meta property=\"og:description\" content=\"Sta\u010d\u00ed m\u00edt kolem sebe skv\u011bl\u00e9 lidi a va\u0161e vize se za p\u00e1r dn\u00ed stanou skute\u010dnost\u00ed! Proto od srdce d\u011bkuji v\u0161em, kte\u0159\u00ed se pod\u00edleli na v\u00fdrob\u011b tohoto klipu: Hlavn\u00ed kamera, barevn\u00e9 korekce: Vladislav Franti\u0161Kamery: Petr \u0160i\u0161ka, Vladim\u00edr \u0160i\u0161kaFotografov\u00e1n\u00ed: Ji\u0159\u00ed Soporsk\u00fdAsistent zvuku: Jakub ZapletalSt\u011bhov\u00e1n\u00ed klav\u00edru: Ji\u0159\u00ed Bor\u010d, Robert Bakala, Petr Dudek, Martin Bakala, Ji\u0159\u00ed Sedl\u00e1\u0159, Zden\u011bk &#8216;ceca&#8217; [&hellip;]\" \/>\n<meta property=\"og:url\" content=\"https:\/\/hanzsedlar.cz\/en\/prvni-videoklip-projektu-piano-cello-je-na-svete\/\" \/>\n<meta property=\"og:site_name\" content=\"Hanz Sedl\u00e1\u0159\" \/>\n<meta property=\"article:publisher\" content=\"https:\/\/www.facebook.com\/hanzsedlar\/\" \/>\n<meta property=\"article:published_time\" content=\"2025-05-14T15:42:04+00:00\" \/>\n<meta property=\"og:image\" content=\"https:\/\/hanzsedlar.cz\/wp-content\/uploads\/2025\/05\/HS-2024-multi-1-scaled.jpg\" \/>\n\t<meta property=\"og:image:width\" content=\"2560\" \/>\n\t<meta property=\"og:image:height\" content=\"1440\" \/>\n\t<meta property=\"og:image:type\" content=\"image\/jpeg\" \/>\n<meta name=\"author\" content=\"jg-media.eu\" \/>\n<script type=\"application\/ld+json\" class=\"yoast-schema-graph\">{\"@context\":\"https:\/\/schema.org\",\"@graph\":[{\"@type\":\"Article\",\"@id\":\"https:\/\/hanzsedlar.cz\/en\/prvni-videoklip-projektu-piano-cello-je-na-svete\/#article\",\"isPartOf\":{\"@id\":\"https:\/\/hanzsedlar.cz\/en\/prvni-videoklip-projektu-piano-cello-je-na-svete\/\"},\"author\":{\"name\":\"jg-media.eu\",\"@id\":\"https:\/\/hanzsedlar.cz\/#\/schema\/person\/0f9e6d32139af6214c8623a46c258a0b\"},\"headline\":\"Prvn\u00ed videoklip projektu ,,Piano &amp; Cello&#8221; je na sv\u011bt\u011b\",\"datePublished\":\"2025-05-14T15:42:04+00:00\",\"mainEntityOfPage\":{\"@id\":\"https:\/\/hanzsedlar.cz\/en\/prvni-videoklip-projektu-piano-cello-je-na-svete\/\"},\"wordCount\":118,\"commentCount\":0,\"publisher\":{\"@id\":\"https:\/\/hanzsedlar.cz\/#organization\"},\"image\":{\"@id\":\"https:\/\/hanzsedlar.cz\/en\/prvni-videoklip-projektu-piano-cello-je-na-svete\/#primaryimage\"},\"thumbnailUrl\":\"https:\/\/hanzsedlar.cz\/wp-content\/uploads\/2025\/05\/fedd35_6add418115f94644a76391d9a1f70788mv2.avif\",\"articleSection\":[\"News\"],\"inLanguage\":\"en-US\",\"potentialAction\":[{\"@type\":\"CommentAction\",\"name\":\"Comment\",\"target\":[\"https:\/\/hanzsedlar.cz\/en\/prvni-videoklip-projektu-piano-cello-je-na-svete\/#respond\"]}]},{\"@type\":\"WebPage\",\"@id\":\"https:\/\/hanzsedlar.cz\/en\/prvni-videoklip-projektu-piano-cello-je-na-svete\/\",\"url\":\"https:\/\/hanzsedlar.cz\/en\/prvni-videoklip-projektu-piano-cello-je-na-svete\/\",\"name\":\"Prvn\u00ed videoklip projektu ,,Piano &amp; Cello'' je na sv\u011bt\u011b | Hanz Sedl\u00e1\u0159\",\"isPartOf\":{\"@id\":\"https:\/\/hanzsedlar.cz\/en\/#website\"},\"primaryImageOfPage\":{\"@id\":\"https:\/\/hanzsedlar.cz\/en\/prvni-videoklip-projektu-piano-cello-je-na-svete\/#primaryimage\"},\"image\":{\"@id\":\"https:\/\/hanzsedlar.cz\/en\/prvni-videoklip-projektu-piano-cello-je-na-svete\/#primaryimage\"},\"thumbnailUrl\":\"https:\/\/hanzsedlar.cz\/wp-content\/uploads\/2025\/05\/fedd35_6add418115f94644a76391d9a1f70788mv2.avif\",\"datePublished\":\"2025-05-14T15:42:04+00:00\",\"breadcrumb\":{\"@id\":\"https:\/\/hanzsedlar.cz\/en\/prvni-videoklip-projektu-piano-cello-je-na-svete\/#breadcrumb\"},\"inLanguage\":\"en-US\",\"potentialAction\":[{\"@type\":\"ReadAction\",\"target\":[[\"https:\/\/hanzsedlar.cz\/en\/prvni-videoklip-projektu-piano-cello-je-na-svete\/\"]]}]},{\"@type\":\"ImageObject\",\"inLanguage\":\"en-US\",\"@id\":\"https:\/\/hanzsedlar.cz\/en\/prvni-videoklip-projektu-piano-cello-je-na-svete\/#primaryimage\",\"url\":\"https:\/\/hanzsedlar.cz\/wp-content\/uploads\/2025\/05\/fedd35_6add418115f94644a76391d9a1f70788mv2.avif\",\"contentUrl\":\"https:\/\/hanzsedlar.cz\/wp-content\/uploads\/2025\/05\/fedd35_6add418115f94644a76391d9a1f70788mv2.avif\",\"width\":628,\"height\":432},{\"@type\":\"BreadcrumbList\",\"@id\":\"https:\/\/hanzsedlar.cz\/en\/prvni-videoklip-projektu-piano-cello-je-na-svete\/#breadcrumb\",\"itemListElement\":[{\"@type\":\"ListItem\",\"position\":1,\"name\":\"Dom\u016f\",\"item\":\"https:\/\/hanzsedlar.cz\/en\/\"},{\"@type\":\"ListItem\",\"position\":2,\"name\":\"Prvn\u00ed videoklip projektu ,,Piano &amp; Cello&#8221; je na sv\u011bt\u011b\"}]},{\"@type\":\"WebSite\",\"@id\":\"https:\/\/hanzsedlar.cz\/en\/#website\",\"url\":\"https:\/\/hanzsedlar.cz\/en\/\",\"name\":\"Hanz Sedl\u00e1\u0159\",\"description\":\"skladatel, dirigent, buben\u00edk\",\"publisher\":{\"@id\":\"https:\/\/hanzsedlar.cz\/en\/#organization\"},\"potentialAction\":[{\"@type\":\"SearchAction\",\"target\":{\"@type\":\"EntryPoint\",\"urlTemplate\":\"https:\/\/hanzsedlar.cz\/en\/?s={search_term_string}\"},\"query-input\":{\"@type\":\"PropertyValueSpecification\",\"valueRequired\":true,\"valueName\":\"search_term_string\"}}],\"inLanguage\":\"en-US\"},{\"@type\":\"Organization\",\"@id\":\"https:\/\/hanzsedlar.cz\/en\/#organization\",\"name\":\"Hanz Sedl\u00e1\u0159 | skladatel, dirigent, buben\u00edk\",\"url\":\"https:\/\/hanzsedlar.cz\/en\/\",\"logo\":{\"@type\":\"ImageObject\",\"inLanguage\":\"en-US\",\"@id\":\"https:\/\/hanzsedlar.cz\/en\/#\/schema\/logo\/image\/\",\"url\":\"https:\/\/hanzsedlar.cz\/wp-content\/uploads\/2025\/05\/logo-znak.svg\",\"contentUrl\":\"https:\/\/hanzsedlar.cz\/wp-content\/uploads\/2025\/05\/logo-znak.svg\",\"width\":854,\"height\":853,\"caption\":\"Hanz Sedl\u00e1\u0159 | skladatel, dirigent, buben\u00edk\"},\"image\":{\"@id\":\"https:\/\/hanzsedlar.cz\/en\/#\/schema\/logo\/image\/\"},\"sameAs\":[\"https:\/\/www.facebook.com\/hanzsedlar\/\",\"https:\/\/www.instagram.com\/hanzsedlar\/\",\"https:\/\/www.youtube.com\/hanzsedlar\"]},{\"@type\":\"Person\",\"@id\":\"https:\/\/hanzsedlar.cz\/#\/schema\/person\/0f9e6d32139af6214c8623a46c258a0b\",\"name\":\"jg-media.eu\",\"image\":{\"@type\":\"ImageObject\",\"inLanguage\":\"en-US\",\"@id\":\"https:\/\/hanzsedlar.cz\/en\/#\/schema\/person\/image\/\",\"url\":\"https:\/\/secure.gravatar.com\/avatar\/1084be55d349722fc00576866f444e7931405d79970f0fe89622fa8c343d6058?s=96&d=mm&r=g\",\"contentUrl\":\"https:\/\/secure.gravatar.com\/avatar\/1084be55d349722fc00576866f444e7931405d79970f0fe89622fa8c343d6058?s=96&d=mm&r=g\",\"caption\":\"jg-media.eu\"},\"sameAs\":[\"https:\/\/hs.jg-media.eu\"]}]}<\/script>\n<!-- \/ Yoast SEO plugin. -->","yoast_head_json":{"title":"Prvn\u00ed videoklip projektu ,,Piano &amp; Cello'' je na sv\u011bt\u011b | Hanz Sedl\u00e1\u0159","robots":{"index":"index","follow":"follow","max-snippet":"max-snippet:-1","max-image-preview":"max-image-preview:large","max-video-preview":"max-video-preview:-1"},"canonical":"https:\/\/hanzsedlar.cz\/en\/prvni-videoklip-projektu-piano-cello-je-na-svete\/","og_locale":"en_US","og_type":"article","og_title":"Prvn\u00ed videoklip projektu ,,Piano &amp; Cello'' je na sv\u011bt\u011b | Hanz Sedl\u00e1\u0159","og_description":"Sta\u010d\u00ed m\u00edt kolem sebe skv\u011bl\u00e9 lidi a va\u0161e vize se za p\u00e1r dn\u00ed stanou skute\u010dnost\u00ed! Proto od srdce d\u011bkuji v\u0161em, kte\u0159\u00ed se pod\u00edleli na v\u00fdrob\u011b tohoto klipu: Hlavn\u00ed kamera, barevn\u00e9 korekce: Vladislav Franti\u0161Kamery: Petr \u0160i\u0161ka, Vladim\u00edr \u0160i\u0161kaFotografov\u00e1n\u00ed: Ji\u0159\u00ed Soporsk\u00fdAsistent zvuku: Jakub ZapletalSt\u011bhov\u00e1n\u00ed klav\u00edru: Ji\u0159\u00ed Bor\u010d, Robert Bakala, Petr Dudek, Martin Bakala, Ji\u0159\u00ed Sedl\u00e1\u0159, Zden\u011bk &#8216;ceca&#8217; [&hellip;]","og_url":"https:\/\/hanzsedlar.cz\/en\/prvni-videoklip-projektu-piano-cello-je-na-svete\/","og_site_name":"Hanz Sedl\u00e1\u0159","article_publisher":"https:\/\/www.facebook.com\/hanzsedlar\/","article_published_time":"2025-05-14T15:42:04+00:00","og_image":[{"width":2560,"height":1440,"url":"https:\/\/hanzsedlar.cz\/wp-content\/uploads\/2025\/05\/HS-2024-multi-1-scaled.jpg","type":"image\/jpeg"}],"author":"jg-media.eu","schema":{"@context":"https:\/\/schema.org","@graph":[{"@type":"Article","@id":"https:\/\/hanzsedlar.cz\/en\/prvni-videoklip-projektu-piano-cello-je-na-svete\/#article","isPartOf":{"@id":"https:\/\/hanzsedlar.cz\/en\/prvni-videoklip-projektu-piano-cello-je-na-svete\/"},"author":{"name":"jg-media.eu","@id":"https:\/\/hanzsedlar.cz\/#\/schema\/person\/0f9e6d32139af6214c8623a46c258a0b"},"headline":"Prvn\u00ed videoklip projektu ,,Piano &amp; Cello&#8221; je na sv\u011bt\u011b","datePublished":"2025-05-14T15:42:04+00:00","mainEntityOfPage":{"@id":"https:\/\/hanzsedlar.cz\/en\/prvni-videoklip-projektu-piano-cello-je-na-svete\/"},"wordCount":118,"commentCount":0,"publisher":{"@id":"https:\/\/hanzsedlar.cz\/#organization"},"image":{"@id":"https:\/\/hanzsedlar.cz\/en\/prvni-videoklip-projektu-piano-cello-je-na-svete\/#primaryimage"},"thumbnailUrl":"https:\/\/hanzsedlar.cz\/wp-content\/uploads\/2025\/05\/fedd35_6add418115f94644a76391d9a1f70788mv2.avif","articleSection":["News"],"inLanguage":"en-US","potentialAction":[{"@type":"CommentAction","name":"Comment","target":["https:\/\/hanzsedlar.cz\/en\/prvni-videoklip-projektu-piano-cello-je-na-svete\/#respond"]}]},{"@type":"WebPage","@id":"https:\/\/hanzsedlar.cz\/en\/prvni-videoklip-projektu-piano-cello-je-na-svete\/","url":"https:\/\/hanzsedlar.cz\/en\/prvni-videoklip-projektu-piano-cello-je-na-svete\/","name":"Prvn\u00ed videoklip projektu ,,Piano &amp; Cello'' je na sv\u011bt\u011b | Hanz Sedl\u00e1\u0159","isPartOf":{"@id":"https:\/\/hanzsedlar.cz\/en\/#website"},"primaryImageOfPage":{"@id":"https:\/\/hanzsedlar.cz\/en\/prvni-videoklip-projektu-piano-cello-je-na-svete\/#primaryimage"},"image":{"@id":"https:\/\/hanzsedlar.cz\/en\/prvni-videoklip-projektu-piano-cello-je-na-svete\/#primaryimage"},"thumbnailUrl":"https:\/\/hanzsedlar.cz\/wp-content\/uploads\/2025\/05\/fedd35_6add418115f94644a76391d9a1f70788mv2.avif","datePublished":"2025-05-14T15:42:04+00:00","breadcrumb":{"@id":"https:\/\/hanzsedlar.cz\/en\/prvni-videoklip-projektu-piano-cello-je-na-svete\/#breadcrumb"},"inLanguage":"en-US","potentialAction":[{"@type":"ReadAction","target":[["https:\/\/hanzsedlar.cz\/en\/prvni-videoklip-projektu-piano-cello-je-na-svete\/"]]}]},{"@type":"ImageObject","inLanguage":"en-US","@id":"https:\/\/hanzsedlar.cz\/en\/prvni-videoklip-projektu-piano-cello-je-na-svete\/#primaryimage","url":"https:\/\/hanzsedlar.cz\/wp-content\/uploads\/2025\/05\/fedd35_6add418115f94644a76391d9a1f70788mv2.avif","contentUrl":"https:\/\/hanzsedlar.cz\/wp-content\/uploads\/2025\/05\/fedd35_6add418115f94644a76391d9a1f70788mv2.avif","width":628,"height":432},{"@type":"BreadcrumbList","@id":"https:\/\/hanzsedlar.cz\/en\/prvni-videoklip-projektu-piano-cello-je-na-svete\/#breadcrumb","itemListElement":[{"@type":"ListItem","position":1,"name":"Dom\u016f","item":"https:\/\/hanzsedlar.cz\/en\/"},{"@type":"ListItem","position":2,"name":"Prvn\u00ed videoklip projektu ,,Piano &amp; Cello&#8221; je na sv\u011bt\u011b"}]},{"@type":"WebSite","@id":"https:\/\/hanzsedlar.cz\/en\/#website","url":"https:\/\/hanzsedlar.cz\/en\/","name":"Hanz Sedl\u00e1\u0159","description":"skladatel, dirigent, buben\u00edk","publisher":{"@id":"https:\/\/hanzsedlar.cz\/en\/#organization"},"potentialAction":[{"@type":"SearchAction","target":{"@type":"EntryPoint","urlTemplate":"https:\/\/hanzsedlar.cz\/en\/?s={search_term_string}"},"query-input":{"@type":"PropertyValueSpecification","valueRequired":true,"valueName":"search_term_string"}}],"inLanguage":"en-US"},{"@type":"Organization","@id":"https:\/\/hanzsedlar.cz\/en\/#organization","name":"Hanz Sedl\u00e1\u0159 | skladatel, dirigent, buben\u00edk","url":"https:\/\/hanzsedlar.cz\/en\/","logo":{"@type":"ImageObject","inLanguage":"en-US","@id":"https:\/\/hanzsedlar.cz\/en\/#\/schema\/logo\/image\/","url":"https:\/\/hanzsedlar.cz\/wp-content\/uploads\/2025\/05\/logo-znak.svg","contentUrl":"https:\/\/hanzsedlar.cz\/wp-content\/uploads\/2025\/05\/logo-znak.svg","width":854,"height":853,"caption":"Hanz Sedl\u00e1\u0159 | skladatel, dirigent, buben\u00edk"},"image":{"@id":"https:\/\/hanzsedlar.cz\/en\/#\/schema\/logo\/image\/"},"sameAs":["https:\/\/www.facebook.com\/hanzsedlar\/","https:\/\/www.instagram.com\/hanzsedlar\/","https:\/\/www.youtube.com\/hanzsedlar"]},{"@type":"Person","@id":"https:\/\/hanzsedlar.cz\/#\/schema\/person\/0f9e6d32139af6214c8623a46c258a0b","name":"jg-media.eu","image":{"@type":"ImageObject","inLanguage":"en-US","@id":"https:\/\/hanzsedlar.cz\/en\/#\/schema\/person\/image\/","url":"https:\/\/secure.gravatar.com\/avatar\/1084be55d349722fc00576866f444e7931405d79970f0fe89622fa8c343d6058?s=96&d=mm&r=g","contentUrl":"https:\/\/secure.gravatar.com\/avatar\/1084be55d349722fc00576866f444e7931405d79970f0fe89622fa8c343d6058?s=96&d=mm&r=g","caption":"jg-media.eu"},"sameAs":["https:\/\/hs.jg-media.eu"]}]}},"_links":{"self":[{"href":"https:\/\/hanzsedlar.cz\/en\/wp-json\/wp\/v2\/posts\/1454","targetHints":{"allow":["GET"]}}],"collection":[{"href":"https:\/\/hanzsedlar.cz\/en\/wp-json\/wp\/v2\/posts"}],"about":[{"href":"https:\/\/hanzsedlar.cz\/en\/wp-json\/wp\/v2\/types\/post"}],"author":[{"embeddable":true,"href":"https:\/\/hanzsedlar.cz\/en\/wp-json\/wp\/v2\/users\/1"}],"replies":[{"embeddable":true,"href":"https:\/\/hanzsedlar.cz\/en\/wp-json\/wp\/v2\/comments?post=1454"}],"version-history":[{"count":1,"href":"https:\/\/hanzsedlar.cz\/en\/wp-json\/wp\/v2\/posts\/1454\/revisions"}],"predecessor-version":[{"id":1456,"href":"https:\/\/hanzsedlar.cz\/en\/wp-json\/wp\/v2\/posts\/1454\/revisions\/1456"}],"wp:featuredmedia":[{"embeddable":true,"href":"https:\/\/hanzsedlar.cz\/en\/wp-json\/wp\/v2\/media\/1455"}],"wp:attachment":[{"href":"https:\/\/hanzsedlar.cz\/en\/wp-json\/wp\/v2\/media?parent=1454"}],"wp:term":[{"taxonomy":"category","embeddable":true,"href":"https:\/\/hanzsedlar.cz\/en\/wp-json\/wp\/v2\/categories?post=1454"},{"taxonomy":"post_tag","embeddable":true,"href":"https:\/\/hanzsedlar.cz\/en\/wp-json\/wp\/v2\/tags?post=1454"}],"curies":[{"name":"wp","href":"https:\/\/api.w.org\/{rel}","templated":true}]}}