{"id":1431,"date":"2025-05-14T17:37:15","date_gmt":"2025-05-14T15:37:15","guid":{"rendered":"https:\/\/hs.jg-media.eu\/?p=1431"},"modified":"2025-05-14T17:37:15","modified_gmt":"2025-05-14T15:37:15","slug":"ambasador-eshopu-elitni-rebel","status":"publish","type":"post","link":"https:\/\/hanzsedlar.cz\/en\/ambasador-eshopu-elitni-rebel\/","title":{"rendered":"Ambasador eshopu Elitn\u00ed Rebel"},"content":{"rendered":"\n<p id=\"viewer-6h9ql\">Stal jsem se ambasadorem eshopu s oble\u010den\u00edm americk\u00fdch zna\u010dek.<\/p>\n\n\n\n<p id=\"viewer-gqxs7\"><strong>Elitn\u00ed Rebel<\/strong> prod\u00e1v\u00e1 origin\u00e1ln\u00ed oble\u010den\u00ed od zna\u010dek Red Chapter, Rebel Spirit, Rock Revival Jeans, OG Abel atd. Je mi ct\u00ed, \u017ee si vybrali pr\u00e1v\u011b m\u011b a moc jim za to d\u011bkuju!<\/p>\n\n\n\n<p id=\"viewer-2disy\">Pr\u00e1v\u011b se mnou ud\u011blali i rozhovor, kde se mimo jin\u00e9 dozv\u00edte co pr\u00e1v\u011b chyst\u00e1m a na \u010dem pracuju. Rozhovor <a target=\"_blank\" href=\"http:\/\/www.elitnirebel.cz\/hanz-sedlar-ambasador\/\" rel=\"noreferrer noopener\">ZDE<\/a><\/p>\n\n\n\n<p id=\"viewer-t0i1e\">Sledujte jejich <a target=\"_blank\" href=\"http:\/\/www.facebook.com\/elitnirebel\/?fref=ts\" rel=\"noreferrer noopener\">Facebook<\/a> a <a target=\"_blank\" href=\"http:\/\/www.instagram.com\/elitnirebel\/\" rel=\"noreferrer noopener\">Instagram<\/a>, kde se dozv\u00edte v\u0161echny novinky ze sv\u011bta rebelsk\u00e9 m\u00f3dy.<\/p>\n\n\n\n<p id=\"viewer-kb3ld\">foto: Alex \u0160indler a Adu\u0161 \u010cern\u00e1<\/p>\n\n\n\n<div class=\"wp-block-stackable-image stk-block-image stk-block stk-c1cd7f6\" data-block-id=\"c1cd7f6\"><figure><span class=\"stk-img-wrapper stk-image--shape-stretch\"><img loading=\"lazy\" decoding=\"async\" class=\"stk-img wp-image-1433\" src=\"https:\/\/hs.jg-media.eu\/wp-content\/uploads\/2025\/05\/fedd35_806f126799ba4bba9742a8c205e0eb6cmv2_d_1971_1305_s_2.jpg\" width=\"1971\" height=\"1305\" srcset=\"https:\/\/hanzsedlar.cz\/wp-content\/uploads\/2025\/05\/fedd35_806f126799ba4bba9742a8c205e0eb6cmv2_d_1971_1305_s_2.jpg 1971w, https:\/\/hanzsedlar.cz\/wp-content\/uploads\/2025\/05\/fedd35_806f126799ba4bba9742a8c205e0eb6cmv2_d_1971_1305_s_2-300x199.jpg 300w, https:\/\/hanzsedlar.cz\/wp-content\/uploads\/2025\/05\/fedd35_806f126799ba4bba9742a8c205e0eb6cmv2_d_1971_1305_s_2-1024x678.jpg 1024w, https:\/\/hanzsedlar.cz\/wp-content\/uploads\/2025\/05\/fedd35_806f126799ba4bba9742a8c205e0eb6cmv2_d_1971_1305_s_2-768x508.jpg 768w, https:\/\/hanzsedlar.cz\/wp-content\/uploads\/2025\/05\/fedd35_806f126799ba4bba9742a8c205e0eb6cmv2_d_1971_1305_s_2-1536x1017.jpg 1536w\" sizes=\"auto, (max-width: 1971px) 100vw, 1971px\" \/><\/span><\/figure><\/div>\n","protected":false},"excerpt":{"rendered":"<p>Stal jsem se ambasadorem eshopu s oble\u010den\u00edm americk\u00fdch zna\u010dek. Elitn\u00ed Rebel prod\u00e1v\u00e1 origin\u00e1ln\u00ed oble\u010den\u00ed od zna\u010dek Red Chapter, Rebel Spirit, Rock Revival Jeans, OG Abel atd. Je mi ct\u00ed, \u017ee si vybrali pr\u00e1v\u011b m\u011b a moc jim za to d\u011bkuju! Pr\u00e1v\u011b se mnou ud\u011blali i rozhovor, kde se mimo jin\u00e9 dozv\u00edte co pr\u00e1v\u011b chyst\u00e1m a [&hellip;]<\/p>\n","protected":false},"author":1,"featured_media":1433,"comment_status":"open","ping_status":"open","sticky":false,"template":"","format":"standard","meta":{"footnotes":""},"categories":[1],"tags":[],"class_list":["post-1431","post","type-post","status-publish","format-standard","has-post-thumbnail","hentry","category-novinky"],"blocksy_meta":[],"yoast_head":"<!-- This site is optimized with the Yoast SEO plugin v26.5 - https:\/\/yoast.com\/wordpress\/plugins\/seo\/ -->\n<title>Ambasador eshopu Elitn\u00ed Rebel | Hanz Sedl\u00e1\u0159<\/title>\n<meta name=\"robots\" content=\"index, follow, max-snippet:-1, max-image-preview:large, max-video-preview:-1\" \/>\n<link rel=\"canonical\" href=\"https:\/\/hanzsedlar.cz\/en\/ambasador-eshopu-elitni-rebel\/\" \/>\n<meta property=\"og:locale\" content=\"en_US\" \/>\n<meta property=\"og:type\" content=\"article\" \/>\n<meta property=\"og:title\" content=\"Ambasador eshopu Elitn\u00ed Rebel | Hanz Sedl\u00e1\u0159\" \/>\n<meta property=\"og:description\" content=\"Stal jsem se ambasadorem eshopu s oble\u010den\u00edm americk\u00fdch zna\u010dek. Elitn\u00ed Rebel prod\u00e1v\u00e1 origin\u00e1ln\u00ed oble\u010den\u00ed od zna\u010dek Red Chapter, Rebel Spirit, Rock Revival Jeans, OG Abel atd. Je mi ct\u00ed, \u017ee si vybrali pr\u00e1v\u011b m\u011b a moc jim za to d\u011bkuju! Pr\u00e1v\u011b se mnou ud\u011blali i rozhovor, kde se mimo jin\u00e9 dozv\u00edte co pr\u00e1v\u011b chyst\u00e1m a [&hellip;]\" \/>\n<meta property=\"og:url\" content=\"https:\/\/hanzsedlar.cz\/en\/ambasador-eshopu-elitni-rebel\/\" \/>\n<meta property=\"og:site_name\" content=\"Hanz Sedl\u00e1\u0159\" \/>\n<meta property=\"article:publisher\" content=\"https:\/\/www.facebook.com\/hanzsedlar\/\" \/>\n<meta property=\"article:published_time\" content=\"2025-05-14T15:37:15+00:00\" \/>\n<meta property=\"og:image\" content=\"https:\/\/hanzsedlar.cz\/wp-content\/uploads\/2025\/05\/fedd35_806f126799ba4bba9742a8c205e0eb6cmv2_d_1971_1305_s_2.jpg\" \/>\n\t<meta property=\"og:image:width\" content=\"1971\" \/>\n\t<meta property=\"og:image:height\" content=\"1305\" \/>\n\t<meta property=\"og:image:type\" content=\"image\/jpeg\" \/>\n<meta name=\"author\" content=\"jg-media.eu\" \/>\n<script type=\"application\/ld+json\" class=\"yoast-schema-graph\">{\"@context\":\"https:\/\/schema.org\",\"@graph\":[{\"@type\":\"Article\",\"@id\":\"https:\/\/hanzsedlar.cz\/en\/ambasador-eshopu-elitni-rebel\/#article\",\"isPartOf\":{\"@id\":\"https:\/\/hanzsedlar.cz\/en\/ambasador-eshopu-elitni-rebel\/\"},\"author\":{\"name\":\"jg-media.eu\",\"@id\":\"https:\/\/hanzsedlar.cz\/#\/schema\/person\/0f9e6d32139af6214c8623a46c258a0b\"},\"headline\":\"Ambasador eshopu Elitn\u00ed Rebel\",\"datePublished\":\"2025-05-14T15:37:15+00:00\",\"mainEntityOfPage\":{\"@id\":\"https:\/\/hanzsedlar.cz\/en\/ambasador-eshopu-elitni-rebel\/\"},\"wordCount\":103,\"commentCount\":0,\"publisher\":{\"@id\":\"https:\/\/hanzsedlar.cz\/#organization\"},\"image\":{\"@id\":\"https:\/\/hanzsedlar.cz\/en\/ambasador-eshopu-elitni-rebel\/#primaryimage\"},\"thumbnailUrl\":\"https:\/\/hanzsedlar.cz\/wp-content\/uploads\/2025\/05\/fedd35_806f126799ba4bba9742a8c205e0eb6cmv2_d_1971_1305_s_2.jpg\",\"articleSection\":[\"News\"],\"inLanguage\":\"en-US\",\"potentialAction\":[{\"@type\":\"CommentAction\",\"name\":\"Comment\",\"target\":[\"https:\/\/hanzsedlar.cz\/en\/ambasador-eshopu-elitni-rebel\/#respond\"]}]},{\"@type\":\"WebPage\",\"@id\":\"https:\/\/hanzsedlar.cz\/en\/ambasador-eshopu-elitni-rebel\/\",\"url\":\"https:\/\/hanzsedlar.cz\/en\/ambasador-eshopu-elitni-rebel\/\",\"name\":\"Ambasador eshopu Elitn\u00ed Rebel | Hanz Sedl\u00e1\u0159\",\"isPartOf\":{\"@id\":\"https:\/\/hanzsedlar.cz\/en\/#website\"},\"primaryImageOfPage\":{\"@id\":\"https:\/\/hanzsedlar.cz\/en\/ambasador-eshopu-elitni-rebel\/#primaryimage\"},\"image\":{\"@id\":\"https:\/\/hanzsedlar.cz\/en\/ambasador-eshopu-elitni-rebel\/#primaryimage\"},\"thumbnailUrl\":\"https:\/\/hanzsedlar.cz\/wp-content\/uploads\/2025\/05\/fedd35_806f126799ba4bba9742a8c205e0eb6cmv2_d_1971_1305_s_2.jpg\",\"datePublished\":\"2025-05-14T15:37:15+00:00\",\"breadcrumb\":{\"@id\":\"https:\/\/hanzsedlar.cz\/en\/ambasador-eshopu-elitni-rebel\/#breadcrumb\"},\"inLanguage\":\"en-US\",\"potentialAction\":[{\"@type\":\"ReadAction\",\"target\":[[\"https:\/\/hanzsedlar.cz\/en\/ambasador-eshopu-elitni-rebel\/\"]]}]},{\"@type\":\"ImageObject\",\"inLanguage\":\"en-US\",\"@id\":\"https:\/\/hanzsedlar.cz\/en\/ambasador-eshopu-elitni-rebel\/#primaryimage\",\"url\":\"https:\/\/hanzsedlar.cz\/wp-content\/uploads\/2025\/05\/fedd35_806f126799ba4bba9742a8c205e0eb6cmv2_d_1971_1305_s_2.jpg\",\"contentUrl\":\"https:\/\/hanzsedlar.cz\/wp-content\/uploads\/2025\/05\/fedd35_806f126799ba4bba9742a8c205e0eb6cmv2_d_1971_1305_s_2.jpg\",\"width\":1971,\"height\":1305},{\"@type\":\"BreadcrumbList\",\"@id\":\"https:\/\/hanzsedlar.cz\/en\/ambasador-eshopu-elitni-rebel\/#breadcrumb\",\"itemListElement\":[{\"@type\":\"ListItem\",\"position\":1,\"name\":\"Dom\u016f\",\"item\":\"https:\/\/hanzsedlar.cz\/en\/\"},{\"@type\":\"ListItem\",\"position\":2,\"name\":\"Ambasador eshopu Elitn\u00ed Rebel\"}]},{\"@type\":\"WebSite\",\"@id\":\"https:\/\/hanzsedlar.cz\/en\/#website\",\"url\":\"https:\/\/hanzsedlar.cz\/en\/\",\"name\":\"Hanz Sedl\u00e1\u0159\",\"description\":\"skladatel, dirigent, buben\u00edk\",\"publisher\":{\"@id\":\"https:\/\/hanzsedlar.cz\/en\/#organization\"},\"potentialAction\":[{\"@type\":\"SearchAction\",\"target\":{\"@type\":\"EntryPoint\",\"urlTemplate\":\"https:\/\/hanzsedlar.cz\/en\/?s={search_term_string}\"},\"query-input\":{\"@type\":\"PropertyValueSpecification\",\"valueRequired\":true,\"valueName\":\"search_term_string\"}}],\"inLanguage\":\"en-US\"},{\"@type\":\"Organization\",\"@id\":\"https:\/\/hanzsedlar.cz\/en\/#organization\",\"name\":\"Hanz Sedl\u00e1\u0159 | skladatel, dirigent, buben\u00edk\",\"url\":\"https:\/\/hanzsedlar.cz\/en\/\",\"logo\":{\"@type\":\"ImageObject\",\"inLanguage\":\"en-US\",\"@id\":\"https:\/\/hanzsedlar.cz\/en\/#\/schema\/logo\/image\/\",\"url\":\"https:\/\/hanzsedlar.cz\/wp-content\/uploads\/2025\/05\/logo-znak.svg\",\"contentUrl\":\"https:\/\/hanzsedlar.cz\/wp-content\/uploads\/2025\/05\/logo-znak.svg\",\"width\":854,\"height\":853,\"caption\":\"Hanz Sedl\u00e1\u0159 | skladatel, dirigent, buben\u00edk\"},\"image\":{\"@id\":\"https:\/\/hanzsedlar.cz\/en\/#\/schema\/logo\/image\/\"},\"sameAs\":[\"https:\/\/www.facebook.com\/hanzsedlar\/\",\"https:\/\/www.instagram.com\/hanzsedlar\/\",\"https:\/\/www.youtube.com\/hanzsedlar\"]},{\"@type\":\"Person\",\"@id\":\"https:\/\/hanzsedlar.cz\/#\/schema\/person\/0f9e6d32139af6214c8623a46c258a0b\",\"name\":\"jg-media.eu\",\"image\":{\"@type\":\"ImageObject\",\"inLanguage\":\"en-US\",\"@id\":\"https:\/\/hanzsedlar.cz\/en\/#\/schema\/person\/image\/\",\"url\":\"https:\/\/secure.gravatar.com\/avatar\/1084be55d349722fc00576866f444e7931405d79970f0fe89622fa8c343d6058?s=96&d=mm&r=g\",\"contentUrl\":\"https:\/\/secure.gravatar.com\/avatar\/1084be55d349722fc00576866f444e7931405d79970f0fe89622fa8c343d6058?s=96&d=mm&r=g\",\"caption\":\"jg-media.eu\"},\"sameAs\":[\"https:\/\/hs.jg-media.eu\"]}]}<\/script>\n<!-- \/ Yoast SEO plugin. -->","yoast_head_json":{"title":"Ambasador eshopu Elitn\u00ed Rebel | Hanz Sedl\u00e1\u0159","robots":{"index":"index","follow":"follow","max-snippet":"max-snippet:-1","max-image-preview":"max-image-preview:large","max-video-preview":"max-video-preview:-1"},"canonical":"https:\/\/hanzsedlar.cz\/en\/ambasador-eshopu-elitni-rebel\/","og_locale":"en_US","og_type":"article","og_title":"Ambasador eshopu Elitn\u00ed Rebel | Hanz Sedl\u00e1\u0159","og_description":"Stal jsem se ambasadorem eshopu s oble\u010den\u00edm americk\u00fdch zna\u010dek. Elitn\u00ed Rebel prod\u00e1v\u00e1 origin\u00e1ln\u00ed oble\u010den\u00ed od zna\u010dek Red Chapter, Rebel Spirit, Rock Revival Jeans, OG Abel atd. Je mi ct\u00ed, \u017ee si vybrali pr\u00e1v\u011b m\u011b a moc jim za to d\u011bkuju! Pr\u00e1v\u011b se mnou ud\u011blali i rozhovor, kde se mimo jin\u00e9 dozv\u00edte co pr\u00e1v\u011b chyst\u00e1m a [&hellip;]","og_url":"https:\/\/hanzsedlar.cz\/en\/ambasador-eshopu-elitni-rebel\/","og_site_name":"Hanz Sedl\u00e1\u0159","article_publisher":"https:\/\/www.facebook.com\/hanzsedlar\/","article_published_time":"2025-05-14T15:37:15+00:00","og_image":[{"width":1971,"height":1305,"url":"https:\/\/hanzsedlar.cz\/wp-content\/uploads\/2025\/05\/fedd35_806f126799ba4bba9742a8c205e0eb6cmv2_d_1971_1305_s_2.jpg","type":"image\/jpeg"}],"author":"jg-media.eu","schema":{"@context":"https:\/\/schema.org","@graph":[{"@type":"Article","@id":"https:\/\/hanzsedlar.cz\/en\/ambasador-eshopu-elitni-rebel\/#article","isPartOf":{"@id":"https:\/\/hanzsedlar.cz\/en\/ambasador-eshopu-elitni-rebel\/"},"author":{"name":"jg-media.eu","@id":"https:\/\/hanzsedlar.cz\/#\/schema\/person\/0f9e6d32139af6214c8623a46c258a0b"},"headline":"Ambasador eshopu Elitn\u00ed Rebel","datePublished":"2025-05-14T15:37:15+00:00","mainEntityOfPage":{"@id":"https:\/\/hanzsedlar.cz\/en\/ambasador-eshopu-elitni-rebel\/"},"wordCount":103,"commentCount":0,"publisher":{"@id":"https:\/\/hanzsedlar.cz\/#organization"},"image":{"@id":"https:\/\/hanzsedlar.cz\/en\/ambasador-eshopu-elitni-rebel\/#primaryimage"},"thumbnailUrl":"https:\/\/hanzsedlar.cz\/wp-content\/uploads\/2025\/05\/fedd35_806f126799ba4bba9742a8c205e0eb6cmv2_d_1971_1305_s_2.jpg","articleSection":["News"],"inLanguage":"en-US","potentialAction":[{"@type":"CommentAction","name":"Comment","target":["https:\/\/hanzsedlar.cz\/en\/ambasador-eshopu-elitni-rebel\/#respond"]}]},{"@type":"WebPage","@id":"https:\/\/hanzsedlar.cz\/en\/ambasador-eshopu-elitni-rebel\/","url":"https:\/\/hanzsedlar.cz\/en\/ambasador-eshopu-elitni-rebel\/","name":"Ambasador eshopu Elitn\u00ed Rebel | Hanz Sedl\u00e1\u0159","isPartOf":{"@id":"https:\/\/hanzsedlar.cz\/en\/#website"},"primaryImageOfPage":{"@id":"https:\/\/hanzsedlar.cz\/en\/ambasador-eshopu-elitni-rebel\/#primaryimage"},"image":{"@id":"https:\/\/hanzsedlar.cz\/en\/ambasador-eshopu-elitni-rebel\/#primaryimage"},"thumbnailUrl":"https:\/\/hanzsedlar.cz\/wp-content\/uploads\/2025\/05\/fedd35_806f126799ba4bba9742a8c205e0eb6cmv2_d_1971_1305_s_2.jpg","datePublished":"2025-05-14T15:37:15+00:00","breadcrumb":{"@id":"https:\/\/hanzsedlar.cz\/en\/ambasador-eshopu-elitni-rebel\/#breadcrumb"},"inLanguage":"en-US","potentialAction":[{"@type":"ReadAction","target":[["https:\/\/hanzsedlar.cz\/en\/ambasador-eshopu-elitni-rebel\/"]]}]},{"@type":"ImageObject","inLanguage":"en-US","@id":"https:\/\/hanzsedlar.cz\/en\/ambasador-eshopu-elitni-rebel\/#primaryimage","url":"https:\/\/hanzsedlar.cz\/wp-content\/uploads\/2025\/05\/fedd35_806f126799ba4bba9742a8c205e0eb6cmv2_d_1971_1305_s_2.jpg","contentUrl":"https:\/\/hanzsedlar.cz\/wp-content\/uploads\/2025\/05\/fedd35_806f126799ba4bba9742a8c205e0eb6cmv2_d_1971_1305_s_2.jpg","width":1971,"height":1305},{"@type":"BreadcrumbList","@id":"https:\/\/hanzsedlar.cz\/en\/ambasador-eshopu-elitni-rebel\/#breadcrumb","itemListElement":[{"@type":"ListItem","position":1,"name":"Dom\u016f","item":"https:\/\/hanzsedlar.cz\/en\/"},{"@type":"ListItem","position":2,"name":"Ambasador eshopu Elitn\u00ed Rebel"}]},{"@type":"WebSite","@id":"https:\/\/hanzsedlar.cz\/en\/#website","url":"https:\/\/hanzsedlar.cz\/en\/","name":"Hanz Sedl\u00e1\u0159","description":"skladatel, dirigent, buben\u00edk","publisher":{"@id":"https:\/\/hanzsedlar.cz\/en\/#organization"},"potentialAction":[{"@type":"SearchAction","target":{"@type":"EntryPoint","urlTemplate":"https:\/\/hanzsedlar.cz\/en\/?s={search_term_string}"},"query-input":{"@type":"PropertyValueSpecification","valueRequired":true,"valueName":"search_term_string"}}],"inLanguage":"en-US"},{"@type":"Organization","@id":"https:\/\/hanzsedlar.cz\/en\/#organization","name":"Hanz Sedl\u00e1\u0159 | skladatel, dirigent, buben\u00edk","url":"https:\/\/hanzsedlar.cz\/en\/","logo":{"@type":"ImageObject","inLanguage":"en-US","@id":"https:\/\/hanzsedlar.cz\/en\/#\/schema\/logo\/image\/","url":"https:\/\/hanzsedlar.cz\/wp-content\/uploads\/2025\/05\/logo-znak.svg","contentUrl":"https:\/\/hanzsedlar.cz\/wp-content\/uploads\/2025\/05\/logo-znak.svg","width":854,"height":853,"caption":"Hanz Sedl\u00e1\u0159 | skladatel, dirigent, buben\u00edk"},"image":{"@id":"https:\/\/hanzsedlar.cz\/en\/#\/schema\/logo\/image\/"},"sameAs":["https:\/\/www.facebook.com\/hanzsedlar\/","https:\/\/www.instagram.com\/hanzsedlar\/","https:\/\/www.youtube.com\/hanzsedlar"]},{"@type":"Person","@id":"https:\/\/hanzsedlar.cz\/#\/schema\/person\/0f9e6d32139af6214c8623a46c258a0b","name":"jg-media.eu","image":{"@type":"ImageObject","inLanguage":"en-US","@id":"https:\/\/hanzsedlar.cz\/en\/#\/schema\/person\/image\/","url":"https:\/\/secure.gravatar.com\/avatar\/1084be55d349722fc00576866f444e7931405d79970f0fe89622fa8c343d6058?s=96&d=mm&r=g","contentUrl":"https:\/\/secure.gravatar.com\/avatar\/1084be55d349722fc00576866f444e7931405d79970f0fe89622fa8c343d6058?s=96&d=mm&r=g","caption":"jg-media.eu"},"sameAs":["https:\/\/hs.jg-media.eu"]}]}},"_links":{"self":[{"href":"https:\/\/hanzsedlar.cz\/en\/wp-json\/wp\/v2\/posts\/1431","targetHints":{"allow":["GET"]}}],"collection":[{"href":"https:\/\/hanzsedlar.cz\/en\/wp-json\/wp\/v2\/posts"}],"about":[{"href":"https:\/\/hanzsedlar.cz\/en\/wp-json\/wp\/v2\/types\/post"}],"author":[{"embeddable":true,"href":"https:\/\/hanzsedlar.cz\/en\/wp-json\/wp\/v2\/users\/1"}],"replies":[{"embeddable":true,"href":"https:\/\/hanzsedlar.cz\/en\/wp-json\/wp\/v2\/comments?post=1431"}],"version-history":[{"count":1,"href":"https:\/\/hanzsedlar.cz\/en\/wp-json\/wp\/v2\/posts\/1431\/revisions"}],"predecessor-version":[{"id":1434,"href":"https:\/\/hanzsedlar.cz\/en\/wp-json\/wp\/v2\/posts\/1431\/revisions\/1434"}],"wp:featuredmedia":[{"embeddable":true,"href":"https:\/\/hanzsedlar.cz\/en\/wp-json\/wp\/v2\/media\/1433"}],"wp:attachment":[{"href":"https:\/\/hanzsedlar.cz\/en\/wp-json\/wp\/v2\/media?parent=1431"}],"wp:term":[{"taxonomy":"category","embeddable":true,"href":"https:\/\/hanzsedlar.cz\/en\/wp-json\/wp\/v2\/categories?post=1431"},{"taxonomy":"post_tag","embeddable":true,"href":"https:\/\/hanzsedlar.cz\/en\/wp-json\/wp\/v2\/tags?post=1431"}],"curies":[{"name":"wp","href":"https:\/\/api.w.org\/{rel}","templated":true}]}}