{"id":1416,"date":"2025-05-14T17:33:43","date_gmt":"2025-05-14T15:33:43","guid":{"rendered":"https:\/\/hs.jg-media.eu\/?p=1416"},"modified":"2025-05-14T17:34:55","modified_gmt":"2025-05-14T15:34:55","slug":"nataceni-orchestru-moravia-brass-band","status":"publish","type":"post","link":"https:\/\/hanzsedlar.cz\/en\/nataceni-orchestru-moravia-brass-band\/","title":{"rendered":"Nat\u00e1\u010den\u00ed orchestru Moravia Brass Band"},"content":{"rendered":"\n<p id=\"viewer-b9n0q\">Za\u010d\u00e1tkem \u010dervence prob\u011bhlo nat\u00e1\u010den\u00ed \u017ees\u0165ov\u00e9ho orchestru MORAVIA BRASS BAND ve spolupr\u00e1ci s <a target=\"_blank\" href=\"http:\/\/www.prokoncert.cz\/\" rel=\"noreferrer noopener\">prokoncert.cz<\/a>. M\u00fdm \u00fakolem bylo starat se o zvukovou i hudebn\u00ed re\u017eii a nyn\u00ed pracuju na postprodukci zvuku i videa pro tento orchestr! Ur\u010dit\u011b se m\u00e1te na co te\u0161it! Orchestr je toti\u017e slo\u017een\u00fd z t\u011bch nejlep\u0161\u00edch hr\u00e1\u010d\u016f na \u017eestov\u00e9 n\u00e1stroje u n\u00e1s.<\/p>\n\n\n\n<p id=\"viewer-icfy2\">M\u00e9 velk\u00e9 d\u00edky pat\u0159\u00ed Jakubovi Zapletalovi za asistenci u zvuku a cel\u00e9mu t\u00fdmu <a target=\"_blank\" href=\"http:\/\/www.prokoncert.cz\/\" rel=\"noreferrer noopener\">prokoncert.cz<\/a> za perfektn\u011b zorganizovanou akci!<\/p>\n\n\n\n<p id=\"viewer-uzh2a\">Foto: Ji\u0159\u00ed Soporsk\u00fd<\/p>\n\n\n\n<figure class=\"wp-block-gallery has-nested-images columns-default is-cropped wp-block-gallery-1 is-layout-flex wp-block-gallery-is-layout-flex\">\n<figure data-wp-context=\"{&quot;imageId&quot;:&quot;69f3d1bf5a7dc&quot;}\" data-wp-interactive=\"core\/image\" data-wp-key=\"69f3d1bf5a7dc\" class=\"wp-block-image size-medium wp-lightbox-container\"><img loading=\"lazy\" decoding=\"async\" width=\"300\" height=\"220\" data-wp-class--hide=\"state.isContentHidden\" data-wp-class--show=\"state.isContentVisible\" data-wp-init=\"callbacks.setButtonStyles\" data-wp-on--click=\"actions.showLightbox\" data-wp-on--load=\"callbacks.setButtonStyles\" data-wp-on-window--resize=\"callbacks.setButtonStyles\" data-id=\"1420\" src=\"https:\/\/hs.jg-media.eu\/wp-content\/uploads\/2025\/05\/fedd35_2f1f86b0299148579a810e2add9d9076mv2-300x220.jpg\" alt=\"\" class=\"wp-image-1420\" srcset=\"https:\/\/hanzsedlar.cz\/wp-content\/uploads\/2025\/05\/fedd35_2f1f86b0299148579a810e2add9d9076mv2-300x220.jpg 300w, https:\/\/hanzsedlar.cz\/wp-content\/uploads\/2025\/05\/fedd35_2f1f86b0299148579a810e2add9d9076mv2-768x563.jpg 768w, https:\/\/hanzsedlar.cz\/wp-content\/uploads\/2025\/05\/fedd35_2f1f86b0299148579a810e2add9d9076mv2.jpg 819w\" sizes=\"auto, (max-width: 300px) 100vw, 300px\" \/><button\n\t\t\tclass=\"lightbox-trigger\"\n\t\t\ttype=\"button\"\n\t\t\taria-haspopup=\"dialog\"\n\t\t\taria-label=\"Enlarge\"\n\t\t\tdata-wp-init=\"callbacks.initTriggerButton\"\n\t\t\tdata-wp-on--click=\"actions.showLightbox\"\n\t\t\tdata-wp-style--right=\"state.imageButtonRight\"\n\t\t\tdata-wp-style--top=\"state.imageButtonTop\"\n\t\t>\n\t\t\t<svg xmlns=\"http:\/\/www.w3.org\/2000\/svg\" width=\"12\" height=\"12\" fill=\"none\" viewBox=\"0 0 12 12\">\n\t\t\t\t<path fill=\"#fff\" d=\"M2 0a2 2 0 0 0-2 2v2h1.5V2a.5.5 0 0 1 .5-.5h2V0H2Zm2 10.5H2a.5.5 0 0 1-.5-.5V8H0v2a2 2 0 0 0 2 2h2v-1.5ZM8 12v-1.5h2a.5.5 0 0 0 .5-.5V8H12v2a2 2 0 0 1-2 2H8Zm2-12a2 2 0 0 1 2 2v2h-1.5V2a.5.5 0 0 0-.5-.5H8V0h2Z\" \/>\n\t\t\t<\/svg>\n\t\t<\/button><\/figure>\n\n\n\n<figure data-wp-context=\"{&quot;imageId&quot;:&quot;69f3d1bf61945&quot;}\" data-wp-interactive=\"core\/image\" data-wp-key=\"69f3d1bf61945\" class=\"wp-block-image size-large wp-lightbox-container\"><img loading=\"lazy\" decoding=\"async\" width=\"818\" height=\"596\" data-wp-class--hide=\"state.isContentHidden\" data-wp-class--show=\"state.isContentVisible\" data-wp-init=\"callbacks.setButtonStyles\" data-wp-on--click=\"actions.showLightbox\" data-wp-on--load=\"callbacks.setButtonStyles\" data-wp-on-window--resize=\"callbacks.setButtonStyles\" data-id=\"1418\" src=\"https:\/\/hs.jg-media.eu\/wp-content\/uploads\/2025\/05\/fedd35_8d8389fc460a4e7b83dbb799c4318959mv2.jpg\" alt=\"\" class=\"wp-image-1418\" srcset=\"https:\/\/hanzsedlar.cz\/wp-content\/uploads\/2025\/05\/fedd35_8d8389fc460a4e7b83dbb799c4318959mv2.jpg 818w, https:\/\/hanzsedlar.cz\/wp-content\/uploads\/2025\/05\/fedd35_8d8389fc460a4e7b83dbb799c4318959mv2-300x219.jpg 300w, https:\/\/hanzsedlar.cz\/wp-content\/uploads\/2025\/05\/fedd35_8d8389fc460a4e7b83dbb799c4318959mv2-768x560.jpg 768w\" sizes=\"auto, (max-width: 818px) 100vw, 818px\" \/><button\n\t\t\tclass=\"lightbox-trigger\"\n\t\t\ttype=\"button\"\n\t\t\taria-haspopup=\"dialog\"\n\t\t\taria-label=\"Enlarge\"\n\t\t\tdata-wp-init=\"callbacks.initTriggerButton\"\n\t\t\tdata-wp-on--click=\"actions.showLightbox\"\n\t\t\tdata-wp-style--right=\"state.imageButtonRight\"\n\t\t\tdata-wp-style--top=\"state.imageButtonTop\"\n\t\t>\n\t\t\t<svg xmlns=\"http:\/\/www.w3.org\/2000\/svg\" width=\"12\" height=\"12\" fill=\"none\" viewBox=\"0 0 12 12\">\n\t\t\t\t<path fill=\"#fff\" d=\"M2 0a2 2 0 0 0-2 2v2h1.5V2a.5.5 0 0 1 .5-.5h2V0H2Zm2 10.5H2a.5.5 0 0 1-.5-.5V8H0v2a2 2 0 0 0 2 2h2v-1.5ZM8 12v-1.5h2a.5.5 0 0 0 .5-.5V8H12v2a2 2 0 0 1-2 2H8Zm2-12a2 2 0 0 1 2 2v2h-1.5V2a.5.5 0 0 0-.5-.5H8V0h2Z\" \/>\n\t\t\t<\/svg>\n\t\t<\/button><\/figure>\n\n\n\n<figure data-wp-context=\"{&quot;imageId&quot;:&quot;69f3d1bf6489c&quot;}\" data-wp-interactive=\"core\/image\" data-wp-key=\"69f3d1bf6489c\" class=\"wp-block-image size-large wp-lightbox-container\"><img loading=\"lazy\" decoding=\"async\" width=\"819\" height=\"592\" data-wp-class--hide=\"state.isContentHidden\" data-wp-class--show=\"state.isContentVisible\" data-wp-init=\"callbacks.setButtonStyles\" data-wp-on--click=\"actions.showLightbox\" data-wp-on--load=\"callbacks.setButtonStyles\" data-wp-on-window--resize=\"callbacks.setButtonStyles\" data-id=\"1417\" src=\"https:\/\/hs.jg-media.eu\/wp-content\/uploads\/2025\/05\/fedd35_278a81d0e7264d2e932ce3a884ae5a05mv2.jpg\" alt=\"\" class=\"wp-image-1417\" srcset=\"https:\/\/hanzsedlar.cz\/wp-content\/uploads\/2025\/05\/fedd35_278a81d0e7264d2e932ce3a884ae5a05mv2.jpg 819w, https:\/\/hanzsedlar.cz\/wp-content\/uploads\/2025\/05\/fedd35_278a81d0e7264d2e932ce3a884ae5a05mv2-300x217.jpg 300w, https:\/\/hanzsedlar.cz\/wp-content\/uploads\/2025\/05\/fedd35_278a81d0e7264d2e932ce3a884ae5a05mv2-768x555.jpg 768w\" sizes=\"auto, (max-width: 819px) 100vw, 819px\" \/><button\n\t\t\tclass=\"lightbox-trigger\"\n\t\t\ttype=\"button\"\n\t\t\taria-haspopup=\"dialog\"\n\t\t\taria-label=\"Enlarge\"\n\t\t\tdata-wp-init=\"callbacks.initTriggerButton\"\n\t\t\tdata-wp-on--click=\"actions.showLightbox\"\n\t\t\tdata-wp-style--right=\"state.imageButtonRight\"\n\t\t\tdata-wp-style--top=\"state.imageButtonTop\"\n\t\t>\n\t\t\t<svg xmlns=\"http:\/\/www.w3.org\/2000\/svg\" width=\"12\" height=\"12\" fill=\"none\" viewBox=\"0 0 12 12\">\n\t\t\t\t<path fill=\"#fff\" d=\"M2 0a2 2 0 0 0-2 2v2h1.5V2a.5.5 0 0 1 .5-.5h2V0H2Zm2 10.5H2a.5.5 0 0 1-.5-.5V8H0v2a2 2 0 0 0 2 2h2v-1.5ZM8 12v-1.5h2a.5.5 0 0 0 .5-.5V8H12v2a2 2 0 0 1-2 2H8Zm2-12a2 2 0 0 1 2 2v2h-1.5V2a.5.5 0 0 0-.5-.5H8V0h2Z\" \/>\n\t\t\t<\/svg>\n\t\t<\/button><\/figure>\n\n\n\n<figure data-wp-context=\"{&quot;imageId&quot;:&quot;69f3d1bf66301&quot;}\" data-wp-interactive=\"core\/image\" data-wp-key=\"69f3d1bf66301\" class=\"wp-block-image size-large wp-lightbox-container\"><img loading=\"lazy\" decoding=\"async\" width=\"818\" height=\"727\" data-wp-class--hide=\"state.isContentHidden\" data-wp-class--show=\"state.isContentVisible\" data-wp-init=\"callbacks.setButtonStyles\" data-wp-on--click=\"actions.showLightbox\" data-wp-on--load=\"callbacks.setButtonStyles\" data-wp-on-window--resize=\"callbacks.setButtonStyles\" data-id=\"1422\" src=\"https:\/\/hs.jg-media.eu\/wp-content\/uploads\/2025\/05\/fedd35_30631ac5c24047adb2f039589621d58emv2.jpg\" alt=\"\" class=\"wp-image-1422\" srcset=\"https:\/\/hanzsedlar.cz\/wp-content\/uploads\/2025\/05\/fedd35_30631ac5c24047adb2f039589621d58emv2.jpg 818w, https:\/\/hanzsedlar.cz\/wp-content\/uploads\/2025\/05\/fedd35_30631ac5c24047adb2f039589621d58emv2-300x267.jpg 300w, https:\/\/hanzsedlar.cz\/wp-content\/uploads\/2025\/05\/fedd35_30631ac5c24047adb2f039589621d58emv2-768x683.jpg 768w\" sizes=\"auto, (max-width: 818px) 100vw, 818px\" \/><button\n\t\t\tclass=\"lightbox-trigger\"\n\t\t\ttype=\"button\"\n\t\t\taria-haspopup=\"dialog\"\n\t\t\taria-label=\"Enlarge\"\n\t\t\tdata-wp-init=\"callbacks.initTriggerButton\"\n\t\t\tdata-wp-on--click=\"actions.showLightbox\"\n\t\t\tdata-wp-style--right=\"state.imageButtonRight\"\n\t\t\tdata-wp-style--top=\"state.imageButtonTop\"\n\t\t>\n\t\t\t<svg xmlns=\"http:\/\/www.w3.org\/2000\/svg\" width=\"12\" height=\"12\" fill=\"none\" viewBox=\"0 0 12 12\">\n\t\t\t\t<path fill=\"#fff\" d=\"M2 0a2 2 0 0 0-2 2v2h1.5V2a.5.5 0 0 1 .5-.5h2V0H2Zm2 10.5H2a.5.5 0 0 1-.5-.5V8H0v2a2 2 0 0 0 2 2h2v-1.5ZM8 12v-1.5h2a.5.5 0 0 0 .5-.5V8H12v2a2 2 0 0 1-2 2H8Zm2-12a2 2 0 0 1 2 2v2h-1.5V2a.5.5 0 0 0-.5-.5H8V0h2Z\" \/>\n\t\t\t<\/svg>\n\t\t<\/button><\/figure>\n\n\n\n<figure data-wp-context=\"{&quot;imageId&quot;:&quot;69f3d1bf66ce0&quot;}\" data-wp-interactive=\"core\/image\" data-wp-key=\"69f3d1bf66ce0\" class=\"wp-block-image size-large wp-lightbox-container\"><img loading=\"lazy\" decoding=\"async\" width=\"818\" height=\"429\" data-wp-class--hide=\"state.isContentHidden\" data-wp-class--show=\"state.isContentVisible\" data-wp-init=\"callbacks.setButtonStyles\" data-wp-on--click=\"actions.showLightbox\" data-wp-on--load=\"callbacks.setButtonStyles\" data-wp-on-window--resize=\"callbacks.setButtonStyles\" data-id=\"1419\" src=\"https:\/\/hs.jg-media.eu\/wp-content\/uploads\/2025\/05\/fedd35_a04969f32398425aab0165f8799be220mv2.jpg\" alt=\"\" class=\"wp-image-1419\" srcset=\"https:\/\/hanzsedlar.cz\/wp-content\/uploads\/2025\/05\/fedd35_a04969f32398425aab0165f8799be220mv2.jpg 818w, https:\/\/hanzsedlar.cz\/wp-content\/uploads\/2025\/05\/fedd35_a04969f32398425aab0165f8799be220mv2-300x157.jpg 300w, https:\/\/hanzsedlar.cz\/wp-content\/uploads\/2025\/05\/fedd35_a04969f32398425aab0165f8799be220mv2-768x403.jpg 768w\" sizes=\"auto, (max-width: 818px) 100vw, 818px\" \/><button\n\t\t\tclass=\"lightbox-trigger\"\n\t\t\ttype=\"button\"\n\t\t\taria-haspopup=\"dialog\"\n\t\t\taria-label=\"Enlarge\"\n\t\t\tdata-wp-init=\"callbacks.initTriggerButton\"\n\t\t\tdata-wp-on--click=\"actions.showLightbox\"\n\t\t\tdata-wp-style--right=\"state.imageButtonRight\"\n\t\t\tdata-wp-style--top=\"state.imageButtonTop\"\n\t\t>\n\t\t\t<svg xmlns=\"http:\/\/www.w3.org\/2000\/svg\" width=\"12\" height=\"12\" fill=\"none\" viewBox=\"0 0 12 12\">\n\t\t\t\t<path fill=\"#fff\" d=\"M2 0a2 2 0 0 0-2 2v2h1.5V2a.5.5 0 0 1 .5-.5h2V0H2Zm2 10.5H2a.5.5 0 0 1-.5-.5V8H0v2a2 2 0 0 0 2 2h2v-1.5ZM8 12v-1.5h2a.5.5 0 0 0 .5-.5V8H12v2a2 2 0 0 1-2 2H8Zm2-12a2 2 0 0 1 2 2v2h-1.5V2a.5.5 0 0 0-.5-.5H8V0h2Z\" \/>\n\t\t\t<\/svg>\n\t\t<\/button><\/figure>\n\n\n\n<figure data-wp-context=\"{&quot;imageId&quot;:&quot;69f3d1bf67b7c&quot;}\" data-wp-interactive=\"core\/image\" data-wp-key=\"69f3d1bf67b7c\" class=\"wp-block-image size-large wp-lightbox-container\"><img loading=\"lazy\" decoding=\"async\" width=\"818\" height=\"651\" data-wp-class--hide=\"state.isContentHidden\" data-wp-class--show=\"state.isContentVisible\" data-wp-init=\"callbacks.setButtonStyles\" data-wp-on--click=\"actions.showLightbox\" data-wp-on--load=\"callbacks.setButtonStyles\" data-wp-on-window--resize=\"callbacks.setButtonStyles\" data-id=\"1421\" src=\"https:\/\/hs.jg-media.eu\/wp-content\/uploads\/2025\/05\/fedd35_49925cad9b5a410089dbde84af8bdfb8mv2.jpg\" alt=\"\" class=\"wp-image-1421\" srcset=\"https:\/\/hanzsedlar.cz\/wp-content\/uploads\/2025\/05\/fedd35_49925cad9b5a410089dbde84af8bdfb8mv2.jpg 818w, https:\/\/hanzsedlar.cz\/wp-content\/uploads\/2025\/05\/fedd35_49925cad9b5a410089dbde84af8bdfb8mv2-300x239.jpg 300w, https:\/\/hanzsedlar.cz\/wp-content\/uploads\/2025\/05\/fedd35_49925cad9b5a410089dbde84af8bdfb8mv2-768x611.jpg 768w\" sizes=\"auto, (max-width: 818px) 100vw, 818px\" \/><button\n\t\t\tclass=\"lightbox-trigger\"\n\t\t\ttype=\"button\"\n\t\t\taria-haspopup=\"dialog\"\n\t\t\taria-label=\"Enlarge\"\n\t\t\tdata-wp-init=\"callbacks.initTriggerButton\"\n\t\t\tdata-wp-on--click=\"actions.showLightbox\"\n\t\t\tdata-wp-style--right=\"state.imageButtonRight\"\n\t\t\tdata-wp-style--top=\"state.imageButtonTop\"\n\t\t>\n\t\t\t<svg xmlns=\"http:\/\/www.w3.org\/2000\/svg\" width=\"12\" height=\"12\" fill=\"none\" viewBox=\"0 0 12 12\">\n\t\t\t\t<path fill=\"#fff\" d=\"M2 0a2 2 0 0 0-2 2v2h1.5V2a.5.5 0 0 1 .5-.5h2V0H2Zm2 10.5H2a.5.5 0 0 1-.5-.5V8H0v2a2 2 0 0 0 2 2h2v-1.5ZM8 12v-1.5h2a.5.5 0 0 0 .5-.5V8H12v2a2 2 0 0 1-2 2H8Zm2-12a2 2 0 0 1 2 2v2h-1.5V2a.5.5 0 0 0-.5-.5H8V0h2Z\" \/>\n\t\t\t<\/svg>\n\t\t<\/button><\/figure>\n<\/figure>\n","protected":false},"excerpt":{"rendered":"<p>Za\u010d\u00e1tkem \u010dervence prob\u011bhlo nat\u00e1\u010den\u00ed \u017ees\u0165ov\u00e9ho orchestru MORAVIA BRASS BAND ve spolupr\u00e1ci s prokoncert.cz. M\u00fdm \u00fakolem bylo starat se o zvukovou i hudebn\u00ed re\u017eii a nyn\u00ed pracuju na postprodukci zvuku i videa pro tento orchestr! Ur\u010dit\u011b se m\u00e1te na co te\u0161it! Orchestr je toti\u017e slo\u017een\u00fd z t\u011bch nejlep\u0161\u00edch hr\u00e1\u010d\u016f na \u017eestov\u00e9 n\u00e1stroje u n\u00e1s. M\u00e9 velk\u00e9 [&hellip;]<\/p>\n","protected":false},"author":1,"featured_media":1421,"comment_status":"open","ping_status":"open","sticky":false,"template":"","format":"standard","meta":{"footnotes":""},"categories":[1],"tags":[],"class_list":["post-1416","post","type-post","status-publish","format-standard","has-post-thumbnail","hentry","category-novinky"],"blocksy_meta":[],"yoast_head":"<!-- This site is optimized with the Yoast SEO plugin v26.5 - https:\/\/yoast.com\/wordpress\/plugins\/seo\/ -->\n<title>Nat\u00e1\u010den\u00ed orchestru Moravia Brass Band | Hanz Sedl\u00e1\u0159<\/title>\n<meta name=\"robots\" content=\"index, follow, max-snippet:-1, max-image-preview:large, max-video-preview:-1\" \/>\n<link rel=\"canonical\" href=\"https:\/\/hanzsedlar.cz\/en\/nataceni-orchestru-moravia-brass-band\/\" \/>\n<meta property=\"og:locale\" content=\"en_US\" \/>\n<meta property=\"og:type\" content=\"article\" \/>\n<meta property=\"og:title\" content=\"Nat\u00e1\u010den\u00ed orchestru Moravia Brass Band | Hanz Sedl\u00e1\u0159\" \/>\n<meta property=\"og:description\" content=\"Za\u010d\u00e1tkem \u010dervence prob\u011bhlo nat\u00e1\u010den\u00ed \u017ees\u0165ov\u00e9ho orchestru MORAVIA BRASS BAND ve spolupr\u00e1ci s prokoncert.cz. M\u00fdm \u00fakolem bylo starat se o zvukovou i hudebn\u00ed re\u017eii a nyn\u00ed pracuju na postprodukci zvuku i videa pro tento orchestr! Ur\u010dit\u011b se m\u00e1te na co te\u0161it! Orchestr je toti\u017e slo\u017een\u00fd z t\u011bch nejlep\u0161\u00edch hr\u00e1\u010d\u016f na \u017eestov\u00e9 n\u00e1stroje u n\u00e1s. M\u00e9 velk\u00e9 [&hellip;]\" \/>\n<meta property=\"og:url\" content=\"https:\/\/hanzsedlar.cz\/en\/nataceni-orchestru-moravia-brass-band\/\" \/>\n<meta property=\"og:site_name\" content=\"Hanz Sedl\u00e1\u0159\" \/>\n<meta property=\"article:publisher\" content=\"https:\/\/www.facebook.com\/hanzsedlar\/\" \/>\n<meta property=\"article:published_time\" content=\"2025-05-14T15:33:43+00:00\" \/>\n<meta property=\"article:modified_time\" content=\"2025-05-14T15:34:55+00:00\" \/>\n<meta property=\"og:image\" content=\"https:\/\/hanzsedlar.cz\/wp-content\/uploads\/2025\/05\/fedd35_49925cad9b5a410089dbde84af8bdfb8mv2.jpg\" \/>\n\t<meta property=\"og:image:width\" content=\"818\" \/>\n\t<meta property=\"og:image:height\" content=\"651\" \/>\n\t<meta property=\"og:image:type\" content=\"image\/jpeg\" \/>\n<meta name=\"author\" content=\"jg-media.eu\" \/>\n<script type=\"application\/ld+json\" class=\"yoast-schema-graph\">{\"@context\":\"https:\/\/schema.org\",\"@graph\":[{\"@type\":\"Article\",\"@id\":\"https:\/\/hanzsedlar.cz\/en\/nataceni-orchestru-moravia-brass-band\/#article\",\"isPartOf\":{\"@id\":\"https:\/\/hanzsedlar.cz\/en\/nataceni-orchestru-moravia-brass-band\/\"},\"author\":{\"name\":\"jg-media.eu\",\"@id\":\"https:\/\/hanzsedlar.cz\/#\/schema\/person\/0f9e6d32139af6214c8623a46c258a0b\"},\"headline\":\"Nat\u00e1\u010den\u00ed orchestru Moravia Brass Band\",\"datePublished\":\"2025-05-14T15:33:43+00:00\",\"dateModified\":\"2025-05-14T15:34:55+00:00\",\"mainEntityOfPage\":{\"@id\":\"https:\/\/hanzsedlar.cz\/en\/nataceni-orchestru-moravia-brass-band\/\"},\"wordCount\":101,\"commentCount\":0,\"publisher\":{\"@id\":\"https:\/\/hanzsedlar.cz\/#organization\"},\"image\":{\"@id\":\"https:\/\/hanzsedlar.cz\/en\/nataceni-orchestru-moravia-brass-band\/#primaryimage\"},\"thumbnailUrl\":\"https:\/\/hanzsedlar.cz\/wp-content\/uploads\/2025\/05\/fedd35_49925cad9b5a410089dbde84af8bdfb8mv2.jpg\",\"articleSection\":[\"News\"],\"inLanguage\":\"en-US\",\"potentialAction\":[{\"@type\":\"CommentAction\",\"name\":\"Comment\",\"target\":[\"https:\/\/hanzsedlar.cz\/en\/nataceni-orchestru-moravia-brass-band\/#respond\"]}]},{\"@type\":\"WebPage\",\"@id\":\"https:\/\/hanzsedlar.cz\/en\/nataceni-orchestru-moravia-brass-band\/\",\"url\":\"https:\/\/hanzsedlar.cz\/en\/nataceni-orchestru-moravia-brass-band\/\",\"name\":\"Nat\u00e1\u010den\u00ed orchestru Moravia Brass Band | Hanz Sedl\u00e1\u0159\",\"isPartOf\":{\"@id\":\"https:\/\/hanzsedlar.cz\/en\/#website\"},\"primaryImageOfPage\":{\"@id\":\"https:\/\/hanzsedlar.cz\/en\/nataceni-orchestru-moravia-brass-band\/#primaryimage\"},\"image\":{\"@id\":\"https:\/\/hanzsedlar.cz\/en\/nataceni-orchestru-moravia-brass-band\/#primaryimage\"},\"thumbnailUrl\":\"https:\/\/hanzsedlar.cz\/wp-content\/uploads\/2025\/05\/fedd35_49925cad9b5a410089dbde84af8bdfb8mv2.jpg\",\"datePublished\":\"2025-05-14T15:33:43+00:00\",\"dateModified\":\"2025-05-14T15:34:55+00:00\",\"breadcrumb\":{\"@id\":\"https:\/\/hanzsedlar.cz\/en\/nataceni-orchestru-moravia-brass-band\/#breadcrumb\"},\"inLanguage\":\"en-US\",\"potentialAction\":[{\"@type\":\"ReadAction\",\"target\":[[\"https:\/\/hanzsedlar.cz\/en\/nataceni-orchestru-moravia-brass-band\/\"]]}]},{\"@type\":\"ImageObject\",\"inLanguage\":\"en-US\",\"@id\":\"https:\/\/hanzsedlar.cz\/en\/nataceni-orchestru-moravia-brass-band\/#primaryimage\",\"url\":\"https:\/\/hanzsedlar.cz\/wp-content\/uploads\/2025\/05\/fedd35_49925cad9b5a410089dbde84af8bdfb8mv2.jpg\",\"contentUrl\":\"https:\/\/hanzsedlar.cz\/wp-content\/uploads\/2025\/05\/fedd35_49925cad9b5a410089dbde84af8bdfb8mv2.jpg\",\"width\":818,\"height\":651},{\"@type\":\"BreadcrumbList\",\"@id\":\"https:\/\/hanzsedlar.cz\/en\/nataceni-orchestru-moravia-brass-band\/#breadcrumb\",\"itemListElement\":[{\"@type\":\"ListItem\",\"position\":1,\"name\":\"Dom\u016f\",\"item\":\"https:\/\/hanzsedlar.cz\/en\/\"},{\"@type\":\"ListItem\",\"position\":2,\"name\":\"Nat\u00e1\u010den\u00ed orchestru Moravia Brass Band\"}]},{\"@type\":\"WebSite\",\"@id\":\"https:\/\/hanzsedlar.cz\/en\/#website\",\"url\":\"https:\/\/hanzsedlar.cz\/en\/\",\"name\":\"Hanz Sedl\u00e1\u0159\",\"description\":\"skladatel, dirigent, buben\u00edk\",\"publisher\":{\"@id\":\"https:\/\/hanzsedlar.cz\/en\/#organization\"},\"potentialAction\":[{\"@type\":\"SearchAction\",\"target\":{\"@type\":\"EntryPoint\",\"urlTemplate\":\"https:\/\/hanzsedlar.cz\/en\/?s={search_term_string}\"},\"query-input\":{\"@type\":\"PropertyValueSpecification\",\"valueRequired\":true,\"valueName\":\"search_term_string\"}}],\"inLanguage\":\"en-US\"},{\"@type\":\"Organization\",\"@id\":\"https:\/\/hanzsedlar.cz\/en\/#organization\",\"name\":\"Hanz Sedl\u00e1\u0159 | skladatel, dirigent, buben\u00edk\",\"url\":\"https:\/\/hanzsedlar.cz\/en\/\",\"logo\":{\"@type\":\"ImageObject\",\"inLanguage\":\"en-US\",\"@id\":\"https:\/\/hanzsedlar.cz\/en\/#\/schema\/logo\/image\/\",\"url\":\"https:\/\/hanzsedlar.cz\/wp-content\/uploads\/2025\/05\/logo-znak.svg\",\"contentUrl\":\"https:\/\/hanzsedlar.cz\/wp-content\/uploads\/2025\/05\/logo-znak.svg\",\"width\":854,\"height\":853,\"caption\":\"Hanz Sedl\u00e1\u0159 | skladatel, dirigent, buben\u00edk\"},\"image\":{\"@id\":\"https:\/\/hanzsedlar.cz\/en\/#\/schema\/logo\/image\/\"},\"sameAs\":[\"https:\/\/www.facebook.com\/hanzsedlar\/\",\"https:\/\/www.instagram.com\/hanzsedlar\/\",\"https:\/\/www.youtube.com\/hanzsedlar\"]},{\"@type\":\"Person\",\"@id\":\"https:\/\/hanzsedlar.cz\/#\/schema\/person\/0f9e6d32139af6214c8623a46c258a0b\",\"name\":\"jg-media.eu\",\"image\":{\"@type\":\"ImageObject\",\"inLanguage\":\"en-US\",\"@id\":\"https:\/\/hanzsedlar.cz\/en\/#\/schema\/person\/image\/\",\"url\":\"https:\/\/secure.gravatar.com\/avatar\/1084be55d349722fc00576866f444e7931405d79970f0fe89622fa8c343d6058?s=96&d=mm&r=g\",\"contentUrl\":\"https:\/\/secure.gravatar.com\/avatar\/1084be55d349722fc00576866f444e7931405d79970f0fe89622fa8c343d6058?s=96&d=mm&r=g\",\"caption\":\"jg-media.eu\"},\"sameAs\":[\"https:\/\/hs.jg-media.eu\"]}]}<\/script>\n<!-- \/ Yoast SEO plugin. -->","yoast_head_json":{"title":"Nat\u00e1\u010den\u00ed orchestru Moravia Brass Band | Hanz Sedl\u00e1\u0159","robots":{"index":"index","follow":"follow","max-snippet":"max-snippet:-1","max-image-preview":"max-image-preview:large","max-video-preview":"max-video-preview:-1"},"canonical":"https:\/\/hanzsedlar.cz\/en\/nataceni-orchestru-moravia-brass-band\/","og_locale":"en_US","og_type":"article","og_title":"Nat\u00e1\u010den\u00ed orchestru Moravia Brass Band | Hanz Sedl\u00e1\u0159","og_description":"Za\u010d\u00e1tkem \u010dervence prob\u011bhlo nat\u00e1\u010den\u00ed \u017ees\u0165ov\u00e9ho orchestru MORAVIA BRASS BAND ve spolupr\u00e1ci s prokoncert.cz. M\u00fdm \u00fakolem bylo starat se o zvukovou i hudebn\u00ed re\u017eii a nyn\u00ed pracuju na postprodukci zvuku i videa pro tento orchestr! Ur\u010dit\u011b se m\u00e1te na co te\u0161it! Orchestr je toti\u017e slo\u017een\u00fd z t\u011bch nejlep\u0161\u00edch hr\u00e1\u010d\u016f na \u017eestov\u00e9 n\u00e1stroje u n\u00e1s. M\u00e9 velk\u00e9 [&hellip;]","og_url":"https:\/\/hanzsedlar.cz\/en\/nataceni-orchestru-moravia-brass-band\/","og_site_name":"Hanz Sedl\u00e1\u0159","article_publisher":"https:\/\/www.facebook.com\/hanzsedlar\/","article_published_time":"2025-05-14T15:33:43+00:00","article_modified_time":"2025-05-14T15:34:55+00:00","og_image":[{"width":818,"height":651,"url":"https:\/\/hanzsedlar.cz\/wp-content\/uploads\/2025\/05\/fedd35_49925cad9b5a410089dbde84af8bdfb8mv2.jpg","type":"image\/jpeg"}],"author":"jg-media.eu","schema":{"@context":"https:\/\/schema.org","@graph":[{"@type":"Article","@id":"https:\/\/hanzsedlar.cz\/en\/nataceni-orchestru-moravia-brass-band\/#article","isPartOf":{"@id":"https:\/\/hanzsedlar.cz\/en\/nataceni-orchestru-moravia-brass-band\/"},"author":{"name":"jg-media.eu","@id":"https:\/\/hanzsedlar.cz\/#\/schema\/person\/0f9e6d32139af6214c8623a46c258a0b"},"headline":"Nat\u00e1\u010den\u00ed orchestru Moravia Brass Band","datePublished":"2025-05-14T15:33:43+00:00","dateModified":"2025-05-14T15:34:55+00:00","mainEntityOfPage":{"@id":"https:\/\/hanzsedlar.cz\/en\/nataceni-orchestru-moravia-brass-band\/"},"wordCount":101,"commentCount":0,"publisher":{"@id":"https:\/\/hanzsedlar.cz\/#organization"},"image":{"@id":"https:\/\/hanzsedlar.cz\/en\/nataceni-orchestru-moravia-brass-band\/#primaryimage"},"thumbnailUrl":"https:\/\/hanzsedlar.cz\/wp-content\/uploads\/2025\/05\/fedd35_49925cad9b5a410089dbde84af8bdfb8mv2.jpg","articleSection":["News"],"inLanguage":"en-US","potentialAction":[{"@type":"CommentAction","name":"Comment","target":["https:\/\/hanzsedlar.cz\/en\/nataceni-orchestru-moravia-brass-band\/#respond"]}]},{"@type":"WebPage","@id":"https:\/\/hanzsedlar.cz\/en\/nataceni-orchestru-moravia-brass-band\/","url":"https:\/\/hanzsedlar.cz\/en\/nataceni-orchestru-moravia-brass-band\/","name":"Nat\u00e1\u010den\u00ed orchestru Moravia Brass Band | Hanz Sedl\u00e1\u0159","isPartOf":{"@id":"https:\/\/hanzsedlar.cz\/en\/#website"},"primaryImageOfPage":{"@id":"https:\/\/hanzsedlar.cz\/en\/nataceni-orchestru-moravia-brass-band\/#primaryimage"},"image":{"@id":"https:\/\/hanzsedlar.cz\/en\/nataceni-orchestru-moravia-brass-band\/#primaryimage"},"thumbnailUrl":"https:\/\/hanzsedlar.cz\/wp-content\/uploads\/2025\/05\/fedd35_49925cad9b5a410089dbde84af8bdfb8mv2.jpg","datePublished":"2025-05-14T15:33:43+00:00","dateModified":"2025-05-14T15:34:55+00:00","breadcrumb":{"@id":"https:\/\/hanzsedlar.cz\/en\/nataceni-orchestru-moravia-brass-band\/#breadcrumb"},"inLanguage":"en-US","potentialAction":[{"@type":"ReadAction","target":[["https:\/\/hanzsedlar.cz\/en\/nataceni-orchestru-moravia-brass-band\/"]]}]},{"@type":"ImageObject","inLanguage":"en-US","@id":"https:\/\/hanzsedlar.cz\/en\/nataceni-orchestru-moravia-brass-band\/#primaryimage","url":"https:\/\/hanzsedlar.cz\/wp-content\/uploads\/2025\/05\/fedd35_49925cad9b5a410089dbde84af8bdfb8mv2.jpg","contentUrl":"https:\/\/hanzsedlar.cz\/wp-content\/uploads\/2025\/05\/fedd35_49925cad9b5a410089dbde84af8bdfb8mv2.jpg","width":818,"height":651},{"@type":"BreadcrumbList","@id":"https:\/\/hanzsedlar.cz\/en\/nataceni-orchestru-moravia-brass-band\/#breadcrumb","itemListElement":[{"@type":"ListItem","position":1,"name":"Dom\u016f","item":"https:\/\/hanzsedlar.cz\/en\/"},{"@type":"ListItem","position":2,"name":"Nat\u00e1\u010den\u00ed orchestru Moravia Brass Band"}]},{"@type":"WebSite","@id":"https:\/\/hanzsedlar.cz\/en\/#website","url":"https:\/\/hanzsedlar.cz\/en\/","name":"Hanz Sedl\u00e1\u0159","description":"skladatel, dirigent, buben\u00edk","publisher":{"@id":"https:\/\/hanzsedlar.cz\/en\/#organization"},"potentialAction":[{"@type":"SearchAction","target":{"@type":"EntryPoint","urlTemplate":"https:\/\/hanzsedlar.cz\/en\/?s={search_term_string}"},"query-input":{"@type":"PropertyValueSpecification","valueRequired":true,"valueName":"search_term_string"}}],"inLanguage":"en-US"},{"@type":"Organization","@id":"https:\/\/hanzsedlar.cz\/en\/#organization","name":"Hanz Sedl\u00e1\u0159 | skladatel, dirigent, buben\u00edk","url":"https:\/\/hanzsedlar.cz\/en\/","logo":{"@type":"ImageObject","inLanguage":"en-US","@id":"https:\/\/hanzsedlar.cz\/en\/#\/schema\/logo\/image\/","url":"https:\/\/hanzsedlar.cz\/wp-content\/uploads\/2025\/05\/logo-znak.svg","contentUrl":"https:\/\/hanzsedlar.cz\/wp-content\/uploads\/2025\/05\/logo-znak.svg","width":854,"height":853,"caption":"Hanz Sedl\u00e1\u0159 | skladatel, dirigent, buben\u00edk"},"image":{"@id":"https:\/\/hanzsedlar.cz\/en\/#\/schema\/logo\/image\/"},"sameAs":["https:\/\/www.facebook.com\/hanzsedlar\/","https:\/\/www.instagram.com\/hanzsedlar\/","https:\/\/www.youtube.com\/hanzsedlar"]},{"@type":"Person","@id":"https:\/\/hanzsedlar.cz\/#\/schema\/person\/0f9e6d32139af6214c8623a46c258a0b","name":"jg-media.eu","image":{"@type":"ImageObject","inLanguage":"en-US","@id":"https:\/\/hanzsedlar.cz\/en\/#\/schema\/person\/image\/","url":"https:\/\/secure.gravatar.com\/avatar\/1084be55d349722fc00576866f444e7931405d79970f0fe89622fa8c343d6058?s=96&d=mm&r=g","contentUrl":"https:\/\/secure.gravatar.com\/avatar\/1084be55d349722fc00576866f444e7931405d79970f0fe89622fa8c343d6058?s=96&d=mm&r=g","caption":"jg-media.eu"},"sameAs":["https:\/\/hs.jg-media.eu"]}]}},"_links":{"self":[{"href":"https:\/\/hanzsedlar.cz\/en\/wp-json\/wp\/v2\/posts\/1416","targetHints":{"allow":["GET"]}}],"collection":[{"href":"https:\/\/hanzsedlar.cz\/en\/wp-json\/wp\/v2\/posts"}],"about":[{"href":"https:\/\/hanzsedlar.cz\/en\/wp-json\/wp\/v2\/types\/post"}],"author":[{"embeddable":true,"href":"https:\/\/hanzsedlar.cz\/en\/wp-json\/wp\/v2\/users\/1"}],"replies":[{"embeddable":true,"href":"https:\/\/hanzsedlar.cz\/en\/wp-json\/wp\/v2\/comments?post=1416"}],"version-history":[{"count":4,"href":"https:\/\/hanzsedlar.cz\/en\/wp-json\/wp\/v2\/posts\/1416\/revisions"}],"predecessor-version":[{"id":1426,"href":"https:\/\/hanzsedlar.cz\/en\/wp-json\/wp\/v2\/posts\/1416\/revisions\/1426"}],"wp:featuredmedia":[{"embeddable":true,"href":"https:\/\/hanzsedlar.cz\/en\/wp-json\/wp\/v2\/media\/1421"}],"wp:attachment":[{"href":"https:\/\/hanzsedlar.cz\/en\/wp-json\/wp\/v2\/media?parent=1416"}],"wp:term":[{"taxonomy":"category","embeddable":true,"href":"https:\/\/hanzsedlar.cz\/en\/wp-json\/wp\/v2\/categories?post=1416"},{"taxonomy":"post_tag","embeddable":true,"href":"https:\/\/hanzsedlar.cz\/en\/wp-json\/wp\/v2\/tags?post=1416"}],"curies":[{"name":"wp","href":"https:\/\/api.w.org\/{rel}","templated":true}]}}