{"id":1414,"date":"2025-05-14T17:32:29","date_gmt":"2025-05-14T15:32:29","guid":{"rendered":"https:\/\/hs.jg-media.eu\/?p=1414"},"modified":"2025-05-15T06:01:30","modified_gmt":"2025-05-15T04:01:30","slug":"film-lide-a-mesto-zvitezilo-v-los-angeles","status":"publish","type":"post","link":"https:\/\/hanzsedlar.cz\/en\/film-lide-a-mesto-zvitezilo-v-los-angeles\/","title":{"rendered":"Film Lid\u00e9 a M\u011bsto zv\u00edt\u011bzilo v Los Angeles"},"content":{"rendered":"\n<p id=\"viewer-64y99\">Film Lid\u00e9 a M\u011bsto se dostal do vyb\u011bru 13-ti film\u016f z cel\u00e9ho sv\u011bta v sout\u011b\u017ei &#8221;Best Documentary on MovieScreenPro Film Festival Team&#8221; v LA a po online odvys\u00edl\u00e1n\u00ed vyhr\u00e1l div\u00e1ckou cenu! S Vladislav Franti\u0161 u\u017e pomali\u010dku za\u010d\u00edn\u00e1me pl\u00e1novat dal\u0161\u00ed spole\u010dn\u00fd film.<\/p>\n\n\n\n<p id=\"viewer-l8pnl\">Ve filmu je zvukovou slo\u017ekou pouze hudba a tak to pro m\u011b byla velk\u00e1 v\u00fdzva! D\u00edlo se ale poda\u0159ilo mysl\u00edm nad na\u0161e o\u010dek\u00e1v\u00e1n\u00ed! Mrkn\u011bte na uk\u00e1zku z filmu.<\/p>\n\n\n\n<figure class=\"wp-block-embed is-type-video is-provider-youtube wp-block-embed-youtube wp-embed-aspect-16-9 wp-has-aspect-ratio\"><div class=\"wp-block-embed__wrapper\">\n<iframe loading=\"lazy\" title=\"Film &quot;LID\u00c9 a M\u011bsto&quot; - Kinotrailer 2016\" width=\"1290\" height=\"726\" src=\"https:\/\/www.youtube.com\/embed\/Oysav-6JId4?feature=oembed\" frameborder=\"0\" allow=\"accelerometer; autoplay; clipboard-write; encrypted-media; gyroscope; picture-in-picture; web-share\" referrerpolicy=\"strict-origin-when-cross-origin\" allowfullscreen><\/iframe>\n<\/div><\/figure>\n","protected":false},"excerpt":{"rendered":"<p>Film Lid\u00e9 a M\u011bsto se dostal do vyb\u011bru 13-ti film\u016f z cel\u00e9ho sv\u011bta v sout\u011b\u017ei &#8221;Best Documentary on MovieScreenPro Film Festival Team&#8221; v LA a po online odvys\u00edl\u00e1n\u00ed vyhr\u00e1l div\u00e1ckou cenu! S Vladislav Franti\u0161 u\u017e pomali\u010dku za\u010d\u00edn\u00e1me pl\u00e1novat dal\u0161\u00ed spole\u010dn\u00fd film. Ve filmu je zvukovou slo\u017ekou pouze hudba a tak to pro m\u011b byla velk\u00e1 [&hellip;]<\/p>\n","protected":false},"author":1,"featured_media":1668,"comment_status":"open","ping_status":"open","sticky":false,"template":"","format":"standard","meta":{"footnotes":""},"categories":[1],"tags":[],"class_list":["post-1414","post","type-post","status-publish","format-standard","has-post-thumbnail","hentry","category-novinky"],"blocksy_meta":[],"yoast_head":"<!-- This site is optimized with the Yoast SEO plugin v26.5 - https:\/\/yoast.com\/wordpress\/plugins\/seo\/ -->\n<title>Film Lid\u00e9 a M\u011bsto zv\u00edt\u011bzilo v Los Angeles | Hanz Sedl\u00e1\u0159<\/title>\n<meta name=\"robots\" content=\"index, follow, max-snippet:-1, max-image-preview:large, max-video-preview:-1\" \/>\n<link rel=\"canonical\" href=\"https:\/\/hanzsedlar.cz\/en\/film-lide-a-mesto-zvitezilo-v-los-angeles\/\" \/>\n<meta property=\"og:locale\" content=\"en_US\" \/>\n<meta property=\"og:type\" content=\"article\" \/>\n<meta property=\"og:title\" content=\"Film Lid\u00e9 a M\u011bsto zv\u00edt\u011bzilo v Los Angeles | Hanz Sedl\u00e1\u0159\" \/>\n<meta property=\"og:description\" content=\"Film Lid\u00e9 a M\u011bsto se dostal do vyb\u011bru 13-ti film\u016f z cel\u00e9ho sv\u011bta v sout\u011b\u017ei &#8221;Best Documentary on MovieScreenPro Film Festival Team&#8221; v LA a po online odvys\u00edl\u00e1n\u00ed vyhr\u00e1l div\u00e1ckou cenu! S Vladislav Franti\u0161 u\u017e pomali\u010dku za\u010d\u00edn\u00e1me pl\u00e1novat dal\u0161\u00ed spole\u010dn\u00fd film. Ve filmu je zvukovou slo\u017ekou pouze hudba a tak to pro m\u011b byla velk\u00e1 [&hellip;]\" \/>\n<meta property=\"og:url\" content=\"https:\/\/hanzsedlar.cz\/en\/film-lide-a-mesto-zvitezilo-v-los-angeles\/\" \/>\n<meta property=\"og:site_name\" content=\"Hanz Sedl\u00e1\u0159\" \/>\n<meta property=\"article:publisher\" content=\"https:\/\/www.facebook.com\/hanzsedlar\/\" \/>\n<meta property=\"article:published_time\" content=\"2025-05-14T15:32:29+00:00\" \/>\n<meta property=\"article:modified_time\" content=\"2025-05-15T04:01:30+00:00\" \/>\n<meta property=\"og:image\" content=\"https:\/\/hanzsedlar.cz\/wp-content\/uploads\/2025\/05\/Oysav-6JId4-HD.jpg\" \/>\n\t<meta property=\"og:image:width\" content=\"1280\" \/>\n\t<meta property=\"og:image:height\" content=\"720\" \/>\n\t<meta property=\"og:image:type\" content=\"image\/jpeg\" \/>\n<meta name=\"author\" content=\"jg-media.eu\" \/>\n<script type=\"application\/ld+json\" class=\"yoast-schema-graph\">{\"@context\":\"https:\/\/schema.org\",\"@graph\":[{\"@type\":\"Article\",\"@id\":\"https:\/\/hanzsedlar.cz\/en\/film-lide-a-mesto-zvitezilo-v-los-angeles\/#article\",\"isPartOf\":{\"@id\":\"https:\/\/hanzsedlar.cz\/en\/film-lide-a-mesto-zvitezilo-v-los-angeles\/\"},\"author\":{\"name\":\"jg-media.eu\",\"@id\":\"https:\/\/hanzsedlar.cz\/#\/schema\/person\/0f9e6d32139af6214c8623a46c258a0b\"},\"headline\":\"Film Lid\u00e9 a M\u011bsto zv\u00edt\u011bzilo v Los Angeles\",\"datePublished\":\"2025-05-14T15:32:29+00:00\",\"dateModified\":\"2025-05-15T04:01:30+00:00\",\"mainEntityOfPage\":{\"@id\":\"https:\/\/hanzsedlar.cz\/en\/film-lide-a-mesto-zvitezilo-v-los-angeles\/\"},\"wordCount\":113,\"commentCount\":0,\"publisher\":{\"@id\":\"https:\/\/hanzsedlar.cz\/#organization\"},\"image\":{\"@id\":\"https:\/\/hanzsedlar.cz\/en\/film-lide-a-mesto-zvitezilo-v-los-angeles\/#primaryimage\"},\"thumbnailUrl\":\"https:\/\/hanzsedlar.cz\/wp-content\/uploads\/2025\/05\/Oysav-6JId4-HD.jpg\",\"articleSection\":[\"News\"],\"inLanguage\":\"en-US\",\"potentialAction\":[{\"@type\":\"CommentAction\",\"name\":\"Comment\",\"target\":[\"https:\/\/hanzsedlar.cz\/en\/film-lide-a-mesto-zvitezilo-v-los-angeles\/#respond\"]}]},{\"@type\":\"WebPage\",\"@id\":\"https:\/\/hanzsedlar.cz\/en\/film-lide-a-mesto-zvitezilo-v-los-angeles\/\",\"url\":\"https:\/\/hanzsedlar.cz\/en\/film-lide-a-mesto-zvitezilo-v-los-angeles\/\",\"name\":\"Film Lid\u00e9 a M\u011bsto zv\u00edt\u011bzilo v Los Angeles | Hanz Sedl\u00e1\u0159\",\"isPartOf\":{\"@id\":\"https:\/\/hanzsedlar.cz\/en\/#website\"},\"primaryImageOfPage\":{\"@id\":\"https:\/\/hanzsedlar.cz\/en\/film-lide-a-mesto-zvitezilo-v-los-angeles\/#primaryimage\"},\"image\":{\"@id\":\"https:\/\/hanzsedlar.cz\/en\/film-lide-a-mesto-zvitezilo-v-los-angeles\/#primaryimage\"},\"thumbnailUrl\":\"https:\/\/hanzsedlar.cz\/wp-content\/uploads\/2025\/05\/Oysav-6JId4-HD.jpg\",\"datePublished\":\"2025-05-14T15:32:29+00:00\",\"dateModified\":\"2025-05-15T04:01:30+00:00\",\"breadcrumb\":{\"@id\":\"https:\/\/hanzsedlar.cz\/en\/film-lide-a-mesto-zvitezilo-v-los-angeles\/#breadcrumb\"},\"inLanguage\":\"en-US\",\"potentialAction\":[{\"@type\":\"ReadAction\",\"target\":[[\"https:\/\/hanzsedlar.cz\/en\/film-lide-a-mesto-zvitezilo-v-los-angeles\/\"]]}]},{\"@type\":\"ImageObject\",\"inLanguage\":\"en-US\",\"@id\":\"https:\/\/hanzsedlar.cz\/en\/film-lide-a-mesto-zvitezilo-v-los-angeles\/#primaryimage\",\"url\":\"https:\/\/hanzsedlar.cz\/wp-content\/uploads\/2025\/05\/Oysav-6JId4-HD.jpg\",\"contentUrl\":\"https:\/\/hanzsedlar.cz\/wp-content\/uploads\/2025\/05\/Oysav-6JId4-HD.jpg\",\"width\":1280,\"height\":720},{\"@type\":\"BreadcrumbList\",\"@id\":\"https:\/\/hanzsedlar.cz\/en\/film-lide-a-mesto-zvitezilo-v-los-angeles\/#breadcrumb\",\"itemListElement\":[{\"@type\":\"ListItem\",\"position\":1,\"name\":\"Dom\u016f\",\"item\":\"https:\/\/hanzsedlar.cz\/en\/\"},{\"@type\":\"ListItem\",\"position\":2,\"name\":\"Film Lid\u00e9 a M\u011bsto zv\u00edt\u011bzilo v Los Angeles\"}]},{\"@type\":\"WebSite\",\"@id\":\"https:\/\/hanzsedlar.cz\/en\/#website\",\"url\":\"https:\/\/hanzsedlar.cz\/en\/\",\"name\":\"Hanz Sedl\u00e1\u0159\",\"description\":\"skladatel, dirigent, buben\u00edk\",\"publisher\":{\"@id\":\"https:\/\/hanzsedlar.cz\/en\/#organization\"},\"potentialAction\":[{\"@type\":\"SearchAction\",\"target\":{\"@type\":\"EntryPoint\",\"urlTemplate\":\"https:\/\/hanzsedlar.cz\/en\/?s={search_term_string}\"},\"query-input\":{\"@type\":\"PropertyValueSpecification\",\"valueRequired\":true,\"valueName\":\"search_term_string\"}}],\"inLanguage\":\"en-US\"},{\"@type\":\"Organization\",\"@id\":\"https:\/\/hanzsedlar.cz\/en\/#organization\",\"name\":\"Hanz Sedl\u00e1\u0159 | skladatel, dirigent, buben\u00edk\",\"url\":\"https:\/\/hanzsedlar.cz\/en\/\",\"logo\":{\"@type\":\"ImageObject\",\"inLanguage\":\"en-US\",\"@id\":\"https:\/\/hanzsedlar.cz\/en\/#\/schema\/logo\/image\/\",\"url\":\"https:\/\/hanzsedlar.cz\/wp-content\/uploads\/2025\/05\/logo-znak.svg\",\"contentUrl\":\"https:\/\/hanzsedlar.cz\/wp-content\/uploads\/2025\/05\/logo-znak.svg\",\"width\":854,\"height\":853,\"caption\":\"Hanz Sedl\u00e1\u0159 | skladatel, dirigent, buben\u00edk\"},\"image\":{\"@id\":\"https:\/\/hanzsedlar.cz\/en\/#\/schema\/logo\/image\/\"},\"sameAs\":[\"https:\/\/www.facebook.com\/hanzsedlar\/\",\"https:\/\/www.instagram.com\/hanzsedlar\/\",\"https:\/\/www.youtube.com\/hanzsedlar\"]},{\"@type\":\"Person\",\"@id\":\"https:\/\/hanzsedlar.cz\/#\/schema\/person\/0f9e6d32139af6214c8623a46c258a0b\",\"name\":\"jg-media.eu\",\"image\":{\"@type\":\"ImageObject\",\"inLanguage\":\"en-US\",\"@id\":\"https:\/\/hanzsedlar.cz\/en\/#\/schema\/person\/image\/\",\"url\":\"https:\/\/secure.gravatar.com\/avatar\/1084be55d349722fc00576866f444e7931405d79970f0fe89622fa8c343d6058?s=96&d=mm&r=g\",\"contentUrl\":\"https:\/\/secure.gravatar.com\/avatar\/1084be55d349722fc00576866f444e7931405d79970f0fe89622fa8c343d6058?s=96&d=mm&r=g\",\"caption\":\"jg-media.eu\"},\"sameAs\":[\"https:\/\/hs.jg-media.eu\"]}]}<\/script>\n<!-- \/ Yoast SEO plugin. -->","yoast_head_json":{"title":"Film Lid\u00e9 a M\u011bsto zv\u00edt\u011bzilo v Los Angeles | Hanz Sedl\u00e1\u0159","robots":{"index":"index","follow":"follow","max-snippet":"max-snippet:-1","max-image-preview":"max-image-preview:large","max-video-preview":"max-video-preview:-1"},"canonical":"https:\/\/hanzsedlar.cz\/en\/film-lide-a-mesto-zvitezilo-v-los-angeles\/","og_locale":"en_US","og_type":"article","og_title":"Film Lid\u00e9 a M\u011bsto zv\u00edt\u011bzilo v Los Angeles | Hanz Sedl\u00e1\u0159","og_description":"Film Lid\u00e9 a M\u011bsto se dostal do vyb\u011bru 13-ti film\u016f z cel\u00e9ho sv\u011bta v sout\u011b\u017ei &#8221;Best Documentary on MovieScreenPro Film Festival Team&#8221; v LA a po online odvys\u00edl\u00e1n\u00ed vyhr\u00e1l div\u00e1ckou cenu! S Vladislav Franti\u0161 u\u017e pomali\u010dku za\u010d\u00edn\u00e1me pl\u00e1novat dal\u0161\u00ed spole\u010dn\u00fd film. Ve filmu je zvukovou slo\u017ekou pouze hudba a tak to pro m\u011b byla velk\u00e1 [&hellip;]","og_url":"https:\/\/hanzsedlar.cz\/en\/film-lide-a-mesto-zvitezilo-v-los-angeles\/","og_site_name":"Hanz Sedl\u00e1\u0159","article_publisher":"https:\/\/www.facebook.com\/hanzsedlar\/","article_published_time":"2025-05-14T15:32:29+00:00","article_modified_time":"2025-05-15T04:01:30+00:00","og_image":[{"width":1280,"height":720,"url":"https:\/\/hanzsedlar.cz\/wp-content\/uploads\/2025\/05\/Oysav-6JId4-HD.jpg","type":"image\/jpeg"}],"author":"jg-media.eu","schema":{"@context":"https:\/\/schema.org","@graph":[{"@type":"Article","@id":"https:\/\/hanzsedlar.cz\/en\/film-lide-a-mesto-zvitezilo-v-los-angeles\/#article","isPartOf":{"@id":"https:\/\/hanzsedlar.cz\/en\/film-lide-a-mesto-zvitezilo-v-los-angeles\/"},"author":{"name":"jg-media.eu","@id":"https:\/\/hanzsedlar.cz\/#\/schema\/person\/0f9e6d32139af6214c8623a46c258a0b"},"headline":"Film Lid\u00e9 a M\u011bsto zv\u00edt\u011bzilo v Los Angeles","datePublished":"2025-05-14T15:32:29+00:00","dateModified":"2025-05-15T04:01:30+00:00","mainEntityOfPage":{"@id":"https:\/\/hanzsedlar.cz\/en\/film-lide-a-mesto-zvitezilo-v-los-angeles\/"},"wordCount":113,"commentCount":0,"publisher":{"@id":"https:\/\/hanzsedlar.cz\/#organization"},"image":{"@id":"https:\/\/hanzsedlar.cz\/en\/film-lide-a-mesto-zvitezilo-v-los-angeles\/#primaryimage"},"thumbnailUrl":"https:\/\/hanzsedlar.cz\/wp-content\/uploads\/2025\/05\/Oysav-6JId4-HD.jpg","articleSection":["News"],"inLanguage":"en-US","potentialAction":[{"@type":"CommentAction","name":"Comment","target":["https:\/\/hanzsedlar.cz\/en\/film-lide-a-mesto-zvitezilo-v-los-angeles\/#respond"]}]},{"@type":"WebPage","@id":"https:\/\/hanzsedlar.cz\/en\/film-lide-a-mesto-zvitezilo-v-los-angeles\/","url":"https:\/\/hanzsedlar.cz\/en\/film-lide-a-mesto-zvitezilo-v-los-angeles\/","name":"Film Lid\u00e9 a M\u011bsto zv\u00edt\u011bzilo v Los Angeles | Hanz Sedl\u00e1\u0159","isPartOf":{"@id":"https:\/\/hanzsedlar.cz\/en\/#website"},"primaryImageOfPage":{"@id":"https:\/\/hanzsedlar.cz\/en\/film-lide-a-mesto-zvitezilo-v-los-angeles\/#primaryimage"},"image":{"@id":"https:\/\/hanzsedlar.cz\/en\/film-lide-a-mesto-zvitezilo-v-los-angeles\/#primaryimage"},"thumbnailUrl":"https:\/\/hanzsedlar.cz\/wp-content\/uploads\/2025\/05\/Oysav-6JId4-HD.jpg","datePublished":"2025-05-14T15:32:29+00:00","dateModified":"2025-05-15T04:01:30+00:00","breadcrumb":{"@id":"https:\/\/hanzsedlar.cz\/en\/film-lide-a-mesto-zvitezilo-v-los-angeles\/#breadcrumb"},"inLanguage":"en-US","potentialAction":[{"@type":"ReadAction","target":[["https:\/\/hanzsedlar.cz\/en\/film-lide-a-mesto-zvitezilo-v-los-angeles\/"]]}]},{"@type":"ImageObject","inLanguage":"en-US","@id":"https:\/\/hanzsedlar.cz\/en\/film-lide-a-mesto-zvitezilo-v-los-angeles\/#primaryimage","url":"https:\/\/hanzsedlar.cz\/wp-content\/uploads\/2025\/05\/Oysav-6JId4-HD.jpg","contentUrl":"https:\/\/hanzsedlar.cz\/wp-content\/uploads\/2025\/05\/Oysav-6JId4-HD.jpg","width":1280,"height":720},{"@type":"BreadcrumbList","@id":"https:\/\/hanzsedlar.cz\/en\/film-lide-a-mesto-zvitezilo-v-los-angeles\/#breadcrumb","itemListElement":[{"@type":"ListItem","position":1,"name":"Dom\u016f","item":"https:\/\/hanzsedlar.cz\/en\/"},{"@type":"ListItem","position":2,"name":"Film Lid\u00e9 a M\u011bsto zv\u00edt\u011bzilo v Los Angeles"}]},{"@type":"WebSite","@id":"https:\/\/hanzsedlar.cz\/en\/#website","url":"https:\/\/hanzsedlar.cz\/en\/","name":"Hanz Sedl\u00e1\u0159","description":"skladatel, dirigent, buben\u00edk","publisher":{"@id":"https:\/\/hanzsedlar.cz\/en\/#organization"},"potentialAction":[{"@type":"SearchAction","target":{"@type":"EntryPoint","urlTemplate":"https:\/\/hanzsedlar.cz\/en\/?s={search_term_string}"},"query-input":{"@type":"PropertyValueSpecification","valueRequired":true,"valueName":"search_term_string"}}],"inLanguage":"en-US"},{"@type":"Organization","@id":"https:\/\/hanzsedlar.cz\/en\/#organization","name":"Hanz Sedl\u00e1\u0159 | skladatel, dirigent, buben\u00edk","url":"https:\/\/hanzsedlar.cz\/en\/","logo":{"@type":"ImageObject","inLanguage":"en-US","@id":"https:\/\/hanzsedlar.cz\/en\/#\/schema\/logo\/image\/","url":"https:\/\/hanzsedlar.cz\/wp-content\/uploads\/2025\/05\/logo-znak.svg","contentUrl":"https:\/\/hanzsedlar.cz\/wp-content\/uploads\/2025\/05\/logo-znak.svg","width":854,"height":853,"caption":"Hanz Sedl\u00e1\u0159 | skladatel, dirigent, buben\u00edk"},"image":{"@id":"https:\/\/hanzsedlar.cz\/en\/#\/schema\/logo\/image\/"},"sameAs":["https:\/\/www.facebook.com\/hanzsedlar\/","https:\/\/www.instagram.com\/hanzsedlar\/","https:\/\/www.youtube.com\/hanzsedlar"]},{"@type":"Person","@id":"https:\/\/hanzsedlar.cz\/#\/schema\/person\/0f9e6d32139af6214c8623a46c258a0b","name":"jg-media.eu","image":{"@type":"ImageObject","inLanguage":"en-US","@id":"https:\/\/hanzsedlar.cz\/en\/#\/schema\/person\/image\/","url":"https:\/\/secure.gravatar.com\/avatar\/1084be55d349722fc00576866f444e7931405d79970f0fe89622fa8c343d6058?s=96&d=mm&r=g","contentUrl":"https:\/\/secure.gravatar.com\/avatar\/1084be55d349722fc00576866f444e7931405d79970f0fe89622fa8c343d6058?s=96&d=mm&r=g","caption":"jg-media.eu"},"sameAs":["https:\/\/hs.jg-media.eu"]}]}},"_links":{"self":[{"href":"https:\/\/hanzsedlar.cz\/en\/wp-json\/wp\/v2\/posts\/1414","targetHints":{"allow":["GET"]}}],"collection":[{"href":"https:\/\/hanzsedlar.cz\/en\/wp-json\/wp\/v2\/posts"}],"about":[{"href":"https:\/\/hanzsedlar.cz\/en\/wp-json\/wp\/v2\/types\/post"}],"author":[{"embeddable":true,"href":"https:\/\/hanzsedlar.cz\/en\/wp-json\/wp\/v2\/users\/1"}],"replies":[{"embeddable":true,"href":"https:\/\/hanzsedlar.cz\/en\/wp-json\/wp\/v2\/comments?post=1414"}],"version-history":[{"count":1,"href":"https:\/\/hanzsedlar.cz\/en\/wp-json\/wp\/v2\/posts\/1414\/revisions"}],"predecessor-version":[{"id":1415,"href":"https:\/\/hanzsedlar.cz\/en\/wp-json\/wp\/v2\/posts\/1414\/revisions\/1415"}],"wp:featuredmedia":[{"embeddable":true,"href":"https:\/\/hanzsedlar.cz\/en\/wp-json\/wp\/v2\/media\/1668"}],"wp:attachment":[{"href":"https:\/\/hanzsedlar.cz\/en\/wp-json\/wp\/v2\/media?parent=1414"}],"wp:term":[{"taxonomy":"category","embeddable":true,"href":"https:\/\/hanzsedlar.cz\/en\/wp-json\/wp\/v2\/categories?post=1414"},{"taxonomy":"post_tag","embeddable":true,"href":"https:\/\/hanzsedlar.cz\/en\/wp-json\/wp\/v2\/tags?post=1414"}],"curies":[{"name":"wp","href":"https:\/\/api.w.org\/{rel}","templated":true}]}}